{"id":3568,"date":"2012-06-22T08:22:30","date_gmt":"2012-06-22T06:22:30","guid":{"rendered":"http:\/\/www.manologarciaycia.com\/?p=3568"},"modified":"2012-06-22T08:22:30","modified_gmt":"2012-06-22T06:22:30","slug":"mg-manolo-garcia-asegura-que-la-musica-te-hace-esclavo","status":"publish","type":"post","link":"https:\/\/www.manologarciaycia.com\/?p=3568","title":{"rendered":"MG: Manolo Garc\u00eda asegura que \u00abla m\u00fasica te hace esclavo\u00bb"},"content":{"rendered":"<p>El cantante presenta esta noche en la Axerqu\u00eda su \u00faltimo disco, &#8216;Los d\u00edas intactos&#8217;. El cantante Manolo Garc\u00eda, que act\u00faa esta noche en C\u00f3rdoba para presentar su nuevo \u00e1lbum, Los d\u00edas intactos, llega a la ciudad conduciendo desde Barcelona, ya que quiere seguir fiel a su \u00abser libre\u00bb, porque \u00abla m\u00fasica te hace esclavo\u00bb, explic\u00f3 en una entrevista. <\/p>\n<p>Sobre sus sensaciones al reencontrarse esta noche con un \u00abp\u00fablico fiel\u00bb, Manolo Garc\u00eda expone que hay ciudades por las que cada cantante \u00abtiene fijaci\u00f3n\u00bb, por lo que cuando se percibe \u00abcari\u00f1o\u00bb se tiene ganas \u00abde repetir\u00bb. Adem\u00e1s, en su primera visita a C\u00f3rdoba descubri\u00f3 \u00ablas calles de la Juder\u00eda y la Mezquita\u00bb y se qued\u00f3 \u00abboquiabierto\u00bb, lo que unido a que \u00aben los conciertos te reciben con pasi\u00f3n\u00bb, las noches en la ciudad andaluza \u00absiempre son especiales y m\u00e1gicas\u00bb. <\/p>\n<p>El cantante agradece la acogida que ha tenido en la ciudad, con las 3.500 entradas vendidas para su concierto en la Axerqu\u00eda, y reconoce que el p\u00fablico de la capital cordobesa \u00absiempre ha respondido muy bien, aunque con el tema de la crisis vas con cautela\u00bb. <\/p>\n<p>Adem\u00e1s, aboga por \u00abprocurar\u00bb que con la que \u00abest\u00e1 cayendo\u00bb los d\u00edas \u00absigan intactos\u00bb y sean \u00abuna oportunidad\u00bb, aunque manifiesta que \u00ablo ponen muy dif\u00edcil los se\u00f1ores esos que dirigen desde arriba, que son unos mastuerzos, sin pretender insultar\u00bb.<\/p>\n<p>Fuente: El D\u00eda de C\u00f3rdoba. <a href='http:\/\/www.eldiadecordoba.es\/article\/ocio\/1289391\/manolo\/garcia\/asegura\/la\/musica\/te\/hace\/esclavo.html' target=_new>ENLACE<\/a><\/p>\n","protected":false},"excerpt":{"rendered":"<p>El cantante presenta esta noche en la Axerqu\u00eda su \u00faltimo disco, &#8216;Los d\u00edas intactos&#8217;. El cantante Manolo Garc\u00eda, que act\u00faa esta noche en C\u00f3rdoba para presentar su nuevo \u00e1lbum, Los d\u00edas intactos, llega a la ciudad conduciendo desde Barcelona, ya que quiere seguir fiel a su \u00abser libre\u00bb, porque \u00abla m\u00fasica te hace esclavo\u00bb, explic\u00f3<a class=\"moretag\" href=\"https:\/\/www.manologarciaycia.com\/?p=3568\" title=\"MG: Manolo Garc\u00eda asegura que \u00abla m\u00fasica te hace esclavo\u00bb\" target=\"_self\" rel=\"follow\"> <font face=arial size=2>[Leer m\u00e1s]<\/font> <\/a><\/p>\n","protected":false},"author":2,"featured_media":0,"comment_status":"closed","ping_status":"closed","sticky":false,"template":"","format":"standard","meta":{"footnotes":""},"categories":[1],"tags":[],"class_list":["post-3568","post","type-post","status-publish","format-standard","hentry","category-manolo-garcia"],"_links":{"self":[{"href":"https:\/\/www.manologarciaycia.com\/index.php?rest_route=\/wp\/v2\/posts\/3568","targetHints":{"allow":["GET"]}}],"collection":[{"href":"https:\/\/www.manologarciaycia.com\/index.php?rest_route=\/wp\/v2\/posts"}],"about":[{"href":"https:\/\/www.manologarciaycia.com\/index.php?rest_route=\/wp\/v2\/types\/post"}],"author":[{"embeddable":true,"href":"https:\/\/www.manologarciaycia.com\/index.php?rest_route=\/wp\/v2\/users\/2"}],"replies":[{"embeddable":true,"href":"https:\/\/www.manologarciaycia.com\/index.php?rest_route=%2Fwp%2Fv2%2Fcomments&post=3568"}],"version-history":[{"count":1,"href":"https:\/\/www.manologarciaycia.com\/index.php?rest_route=\/wp\/v2\/posts\/3568\/revisions"}],"predecessor-version":[{"id":3569,"href":"https:\/\/www.manologarciaycia.com\/index.php?rest_route=\/wp\/v2\/posts\/3568\/revisions\/3569"}],"wp:attachment":[{"href":"https:\/\/www.manologarciaycia.com\/index.php?rest_route=%2Fwp%2Fv2%2Fmedia&parent=3568"}],"wp:term":[{"taxonomy":"category","embeddable":true,"href":"https:\/\/www.manologarciaycia.com\/index.php?rest_route=%2Fwp%2Fv2%2Fcategories&post=3568"},{"taxonomy":"post_tag","embeddable":true,"href":"https:\/\/www.manologarciaycia.com\/index.php?rest_route=%2Fwp%2Fv2%2Ftags&post=3568"}],"curies":[{"name":"wp","href":"https:\/\/api.w.org\/{rel}","templated":true}]}}