{"id":3565,"date":"2012-06-21T15:42:06","date_gmt":"2012-06-21T13:42:06","guid":{"rendered":"http:\/\/www.manologarciaycia.com\/?p=3565"},"modified":"2012-06-21T15:42:06","modified_gmt":"2012-06-21T13:42:06","slug":"mg-la-musica-te-hace-esclavo","status":"publish","type":"post","link":"https:\/\/www.manologarciaycia.com\/?p=3565","title":{"rendered":"MG: \u00abLa m\u00fasica te hace esclavo\u00bb"},"content":{"rendered":"<p><img loading=\"lazy\" decoding=\"async\" alt=\"\" src=\"http:\/\/www.canarias7.es\/fotos\/o\/1206\/265383-1p.jpg\" class=\"alignright\" width=\"280\" height=\"211\" \/> El cantante Manolo Garc\u00eda, que act\u00faa este viernes en C\u00f3rdoba para presentar su nuevo \u00e1lbum \u00abLos D\u00edas Intactos\u00bb, ha llegado a la ciudad andaluza conduciendo desde Barcelona, ya que quiere seguir fiel a su \u00abser libre\u00bb, porque \u00abla m\u00fasica te hace esclavo\u00bb, ha explicado en una entrevista con Efe.<\/p>\n<p>El m\u00fasico catal\u00e1n ha confesado en una entrevista telef\u00f3nica con Efe que prefiere viajar en su propio coche al ser \u00abuna persona normal\u00bb y no necesitar \u00aba nadie\u00bb que le lleve, lo que le proporciona \u00abm\u00e1s intimidad\u00bb.<\/p>\n<p>Garc\u00eda ha confesado que el AVE y los aeropuertos \u00abcansan\u00bb y prefiere viajar en solitario para no aburrirse.<\/p>\n<p>\u00abMe muevo a mi bola, quiero ir tranquilo y esto lo hago muchas veces durante las giras\u00bb, ha desvelado Garc\u00eda, ya que \u00abla m\u00fasica y la popularidad te hace esclavo y eso no me gusta, por ello voy en mi coche\u00bb, ha subrayado.<\/p>\n<p>Ha a\u00f1adido que se considera una \u00abantiestrella de la m\u00fasica\u00bb y odia \u00abla rutina\u00bb, motivo por la que eligi\u00f3 la vida de m\u00fasico en la que \u00abno hay horarios\u00bb, por lo que viajar en su propio coche \u00abes como un reto\u00bb.<\/p>\n<p> noticia \/ entrevista completa.<br \/>\nSobre sus sensaciones al reencontrarse el pr\u00f3ximo viernes con un \u00abp\u00fablico fiel\u00bb, Manolo Garc\u00eda ha dicho que hay ciudades por las que cada cantante \u00abtiene fijaci\u00f3n\u00bb, por lo que cuando se percibe \u00abcari\u00f1o\u00bb se tiene ganas \u00abde repetir\u00bb.<\/p>\n<p>Adem\u00e1s, en su primera visita a C\u00f3rdoba descubri\u00f3 \u00ablas calles de la Juder\u00eda y la Mezquita\u00bb y se qued\u00f3 \u00abboquiabierto\u00bb, lo que unido a que \u00aben los conciertos te reciben con pasi\u00f3n\u00bb, las noches en la ciudad andaluza \u00absiempre son especiales y m\u00e1gicas\u00bb.<\/p>\n<p>El cantante ha agradecido la acogida de C\u00f3rdoba, con las 3.500 entradas vendidas para su concierto  en el Teatro de la Axerqu\u00eda, y ha reconocido que el p\u00fablico de la capital cordobesa \u00absiempre ha respondido muy bien, aunque con el tema de la crisis vas con cautela\u00bb.<\/p>\n<p>\u00abCon la situaci\u00f3n de precariedad actual, cada despertar se presenta duro, as\u00ed que lo \u00fanico que se puede hacer es animarse y salir a la calle a buscarse la vida. S\u00e9 que es complicado decir eso, porque cuando me lean muchos dir\u00e1n que yo tengo trabajo. Hay que buscar momentos dulces para constre\u00f1irse de lo que dice el pol\u00edtico de turno o la ordenanza municipal\u00bb, ha argumentado Garc\u00eda.<\/p>\n<p>Adem\u00e1s, ha abogado por \u00abprocurar\u00bb que con la que \u00abest\u00e1 cayendo\u00bb los d\u00edas \u00absigan intactos\u00bb y sean \u00abuna oportunidad\u00bb, aunque ha manifestado que \u00ablo ponen muy dif\u00edcil los se\u00f1ores esos que dirigen desde arriba, que son unos mastuerzos, sin pretender insultar\u00bb.<\/p>\n<p>\u00abLos m\u00fasicos no arreglamos el mundo pero lo intentamos hacer m\u00e1s habitable. El m\u00fasico despierta las emociones para sacarte del pozo, de la duda, angustia, tristeza y la a\u00f1oranza. La m\u00fasica a m\u00ed me ayuda a eso. Nadie vive en un urna de felicidad, as\u00ed que la m\u00fasica ayuda a tirar adelante, por lo que el momento intacto de cada d\u00eda es tuyo para abstraerte de lo que te rodea\u00bb, ha concluido Garc\u00eda.<\/p>\n<p>Fuente: Canarias7 &#8211; EFE C\u00f3rdoba &#8211; <a href='http:\/\/www.canarias7.es\/articulo.cfm?Id=265383' target=_new>ENLACE<\/a><\/p>\n","protected":false},"excerpt":{"rendered":"<p>El cantante Manolo Garc\u00eda, que act\u00faa este viernes en C\u00f3rdoba para presentar su nuevo \u00e1lbum \u00abLos D\u00edas Intactos\u00bb, ha llegado a la ciudad andaluza conduciendo desde Barcelona, ya que quiere seguir fiel a su \u00abser libre\u00bb, porque \u00abla m\u00fasica te hace esclavo\u00bb, ha explicado en una entrevista con Efe. El m\u00fasico catal\u00e1n ha confesado en<a class=\"moretag\" href=\"https:\/\/www.manologarciaycia.com\/?p=3565\" title=\"MG: \u00abLa m\u00fasica te hace esclavo\u00bb\" target=\"_self\" rel=\"follow\"> <font face=arial size=2>[Leer m\u00e1s]<\/font> <\/a><\/p>\n","protected":false},"author":2,"featured_media":0,"comment_status":"closed","ping_status":"closed","sticky":false,"template":"","format":"standard","meta":{"footnotes":""},"categories":[1],"tags":[],"class_list":["post-3565","post","type-post","status-publish","format-standard","hentry","category-manolo-garcia"],"_links":{"self":[{"href":"https:\/\/www.manologarciaycia.com\/index.php?rest_route=\/wp\/v2\/posts\/3565","targetHints":{"allow":["GET"]}}],"collection":[{"href":"https:\/\/www.manologarciaycia.com\/index.php?rest_route=\/wp\/v2\/posts"}],"about":[{"href":"https:\/\/www.manologarciaycia.com\/index.php?rest_route=\/wp\/v2\/types\/post"}],"author":[{"embeddable":true,"href":"https:\/\/www.manologarciaycia.com\/index.php?rest_route=\/wp\/v2\/users\/2"}],"replies":[{"embeddable":true,"href":"https:\/\/www.manologarciaycia.com\/index.php?rest_route=%2Fwp%2Fv2%2Fcomments&post=3565"}],"version-history":[{"count":1,"href":"https:\/\/www.manologarciaycia.com\/index.php?rest_route=\/wp\/v2\/posts\/3565\/revisions"}],"predecessor-version":[{"id":3566,"href":"https:\/\/www.manologarciaycia.com\/index.php?rest_route=\/wp\/v2\/posts\/3565\/revisions\/3566"}],"wp:attachment":[{"href":"https:\/\/www.manologarciaycia.com\/index.php?rest_route=%2Fwp%2Fv2%2Fmedia&parent=3565"}],"wp:term":[{"taxonomy":"category","embeddable":true,"href":"https:\/\/www.manologarciaycia.com\/index.php?rest_route=%2Fwp%2Fv2%2Fcategories&post=3565"},{"taxonomy":"post_tag","embeddable":true,"href":"https:\/\/www.manologarciaycia.com\/index.php?rest_route=%2Fwp%2Fv2%2Ftags&post=3565"}],"curies":[{"name":"wp","href":"https:\/\/api.w.org\/{rel}","templated":true}]}}