{"id":3561,"date":"2012-06-21T08:49:07","date_gmt":"2012-06-21T06:49:07","guid":{"rendered":"http:\/\/www.manologarciaycia.com\/?p=3561"},"modified":"2012-06-21T08:49:07","modified_gmt":"2012-06-21T06:49:07","slug":"mg-manolo-garcia-actuara-en-el-palacio-euskalduna-el-11-de-octubre","status":"publish","type":"post","link":"https:\/\/www.manologarciaycia.com\/?p=3561","title":{"rendered":"MG: Manolo Garc\u00eda actuar\u00e1 en el Palacio Euskalduna el 11 de octubre"},"content":{"rendered":"<p><img loading=\"lazy\" decoding=\"async\" alt=\"\" src=\"http:\/\/www.que.es\/archivos\/201205\/20120521171939-365xXx80.jpg\" class=\"alignleft\" width=\"365\" height=\"242\" \/> El int\u00e9rprete y compositor catal\u00e1n Manolo Garc\u00eda actuar\u00e1 el pr\u00f3ximo 11 de octubre en el Palacio Euskalduna de Bilbao, despu\u00e9s de que su concierto del 4 de junio tuviera que aplazarse debido a una intervenci\u00f3n quir\u00fargica de urgencia, seg\u00fan han explicado desde la organizaci\u00f3n.<\/p>\n<p>El int\u00e9rprete y compositor catal\u00e1n Manolo Garc\u00eda actuar\u00e1 el pr\u00f3ximo 11 de octubre en el Palacio Euskalduna de Bilbao, despu\u00e9s de que su concierto del 4 de junio tuviera que aplazarse debido a una intervenci\u00f3n quir\u00fargica de urgencia, seg\u00fan han explicado desde la organizaci\u00f3n.<\/p>\n<p>La intervenci\u00f3n de apendicitis y el posterior periodo de recuperaci\u00f3n le obligaron a aplazar varios de los conciertos programados en su actual gira, entre ellos el del Palacio Euskalduna, \u00abpara el que estaba y a punto de colgar el cartel de localidades agotadas\u00bb.<\/p>\n<p>Sobre un escenario dise\u00f1ado por el artista y decorado con motivos marineros, Manolo Garc\u00eda interpretar\u00e1 en este concierto varias canciones de su \u00faltimo disco, &#8216;Los d\u00edas intactos&#8217;, que es triple disco de platino, y realizar\u00e1 lo que \u00e9l califica como un \u00abrepaso equilibrado\u00bb al resto de su amplia discograf\u00eda en solitario y en grupo.<\/p>\n<p>Fuente: Qu\u00e9 Bilbao &#8211; <a href='http:\/\/www.que.es\/bilbao\/201205211719-manolo-garcia-actuara-palacio-euskalduna-epi.html' target=_new>ENLACE<\/a><\/p>\n","protected":false},"excerpt":{"rendered":"<p>El int\u00e9rprete y compositor catal\u00e1n Manolo Garc\u00eda actuar\u00e1 el pr\u00f3ximo 11 de octubre en el Palacio Euskalduna de Bilbao, despu\u00e9s de que su concierto del 4 de junio tuviera que aplazarse debido a una intervenci\u00f3n quir\u00fargica de urgencia, seg\u00fan han explicado desde la organizaci\u00f3n. El int\u00e9rprete y compositor catal\u00e1n Manolo Garc\u00eda actuar\u00e1 el pr\u00f3ximo 11<a class=\"moretag\" href=\"https:\/\/www.manologarciaycia.com\/?p=3561\" title=\"MG: Manolo Garc\u00eda actuar\u00e1 en el Palacio Euskalduna el 11 de octubre\" target=\"_self\" rel=\"follow\"> <font face=arial size=2>[Leer m\u00e1s]<\/font> <\/a><\/p>\n","protected":false},"author":2,"featured_media":0,"comment_status":"closed","ping_status":"closed","sticky":false,"template":"","format":"standard","meta":{"footnotes":""},"categories":[1],"tags":[],"class_list":["post-3561","post","type-post","status-publish","format-standard","hentry","category-manolo-garcia"],"_links":{"self":[{"href":"https:\/\/www.manologarciaycia.com\/index.php?rest_route=\/wp\/v2\/posts\/3561","targetHints":{"allow":["GET"]}}],"collection":[{"href":"https:\/\/www.manologarciaycia.com\/index.php?rest_route=\/wp\/v2\/posts"}],"about":[{"href":"https:\/\/www.manologarciaycia.com\/index.php?rest_route=\/wp\/v2\/types\/post"}],"author":[{"embeddable":true,"href":"https:\/\/www.manologarciaycia.com\/index.php?rest_route=\/wp\/v2\/users\/2"}],"replies":[{"embeddable":true,"href":"https:\/\/www.manologarciaycia.com\/index.php?rest_route=%2Fwp%2Fv2%2Fcomments&post=3561"}],"version-history":[{"count":1,"href":"https:\/\/www.manologarciaycia.com\/index.php?rest_route=\/wp\/v2\/posts\/3561\/revisions"}],"predecessor-version":[{"id":3562,"href":"https:\/\/www.manologarciaycia.com\/index.php?rest_route=\/wp\/v2\/posts\/3561\/revisions\/3562"}],"wp:attachment":[{"href":"https:\/\/www.manologarciaycia.com\/index.php?rest_route=%2Fwp%2Fv2%2Fmedia&parent=3561"}],"wp:term":[{"taxonomy":"category","embeddable":true,"href":"https:\/\/www.manologarciaycia.com\/index.php?rest_route=%2Fwp%2Fv2%2Fcategories&post=3561"},{"taxonomy":"post_tag","embeddable":true,"href":"https:\/\/www.manologarciaycia.com\/index.php?rest_route=%2Fwp%2Fv2%2Ftags&post=3561"}],"curies":[{"name":"wp","href":"https:\/\/api.w.org\/{rel}","templated":true}]}}