{"id":3559,"date":"2012-06-20T15:56:30","date_gmt":"2012-06-20T13:56:30","guid":{"rendered":"http:\/\/www.manologarciaycia.com\/?p=3559"},"modified":"2012-06-20T15:56:30","modified_gmt":"2012-06-20T13:56:30","slug":"mg-manolo-garcia-presenta-los-dias-intactos-en-la-plaza-de-toros-de-san-fernando","status":"publish","type":"post","link":"https:\/\/www.manologarciaycia.com\/?p=3559","title":{"rendered":"MG: Manolo Garc\u00eda presenta \u00abLos d\u00edas intactos\u00bb en la Plaza de Toros de San Fernando"},"content":{"rendered":"<p>El cantante Manolo Garc\u00eda recalar\u00e1 en San Fernando el pr\u00f3ximo 8 de julio, en la plaza de toros, dentro de la gira de presentaci\u00f3n de su nuevo \u00e1lbum.<\/p>\n<p>El l\u00edder carism\u00e1tico de una de las bandas espa\u00f1olas de los ochenta m\u00e1s importantes, El \u00daltimo de la Fila, presenta en C\u00e1diz su nuevo trabajo. Este concierto forma parte de la gira de teatros y auditorios de Los d\u00edas intactos, que ha permanecido tres semanas consecutivas en el n\u00famero 1 de la lista de los m\u00e1s vendidos en Espa\u00f1a y es ya Triple Disco de Platino.<\/p>\n<p>Para adecuar el recinto a las caracter\u00edsticas de la gira, la plaza de toros ser\u00e1 aforada y todas las localidades ser\u00e1n de asiento, con lo cual su capacidad se ver\u00e1 un tanto reducida.<\/p>\n<p>\u2022Lugar: Plaza de Toros de San Fernando<br \/>\n\u2022Fecha: 08\/07\/2012<br \/>\n\u2022Hora: 22.30 h<br \/>\n\u2022Anticipada: Red Ticketmaster (www.ticketmaster.es, 902 15 00 25, oficinas La Caixa, Fnac, Carrefour, Halconviajes.com y tiendas asociadas)<br \/>\n\u2022Precio anticipada: 30,60 \u20ac<\/p>\n<p>Fuente: La Voz Digital &#8211; <a href='http:\/\/www.lavozdigital.es\/cadiz\/20120620\/ocio\/conciertos\/manolo-garcia-presenta-dias-201206201132.html' target=_new>ENLACE<\/a><\/p>\n","protected":false},"excerpt":{"rendered":"<p>El cantante Manolo Garc\u00eda recalar\u00e1 en San Fernando el pr\u00f3ximo 8 de julio, en la plaza de toros, dentro de la gira de presentaci\u00f3n de su nuevo \u00e1lbum. El l\u00edder carism\u00e1tico de una de las bandas espa\u00f1olas de los ochenta m\u00e1s importantes, El \u00daltimo de la Fila, presenta en C\u00e1diz su nuevo trabajo. Este concierto<a class=\"moretag\" href=\"https:\/\/www.manologarciaycia.com\/?p=3559\" title=\"MG: Manolo Garc\u00eda presenta \u00abLos d\u00edas intactos\u00bb en la Plaza de Toros de San Fernando\" target=\"_self\" rel=\"follow\"> <font face=arial size=2>[Leer m\u00e1s]<\/font> <\/a><\/p>\n","protected":false},"author":2,"featured_media":0,"comment_status":"closed","ping_status":"closed","sticky":false,"template":"","format":"standard","meta":{"footnotes":""},"categories":[1],"tags":[],"class_list":["post-3559","post","type-post","status-publish","format-standard","hentry","category-manolo-garcia"],"_links":{"self":[{"href":"https:\/\/www.manologarciaycia.com\/index.php?rest_route=\/wp\/v2\/posts\/3559","targetHints":{"allow":["GET"]}}],"collection":[{"href":"https:\/\/www.manologarciaycia.com\/index.php?rest_route=\/wp\/v2\/posts"}],"about":[{"href":"https:\/\/www.manologarciaycia.com\/index.php?rest_route=\/wp\/v2\/types\/post"}],"author":[{"embeddable":true,"href":"https:\/\/www.manologarciaycia.com\/index.php?rest_route=\/wp\/v2\/users\/2"}],"replies":[{"embeddable":true,"href":"https:\/\/www.manologarciaycia.com\/index.php?rest_route=%2Fwp%2Fv2%2Fcomments&post=3559"}],"version-history":[{"count":1,"href":"https:\/\/www.manologarciaycia.com\/index.php?rest_route=\/wp\/v2\/posts\/3559\/revisions"}],"predecessor-version":[{"id":3560,"href":"https:\/\/www.manologarciaycia.com\/index.php?rest_route=\/wp\/v2\/posts\/3559\/revisions\/3560"}],"wp:attachment":[{"href":"https:\/\/www.manologarciaycia.com\/index.php?rest_route=%2Fwp%2Fv2%2Fmedia&parent=3559"}],"wp:term":[{"taxonomy":"category","embeddable":true,"href":"https:\/\/www.manologarciaycia.com\/index.php?rest_route=%2Fwp%2Fv2%2Fcategories&post=3559"},{"taxonomy":"post_tag","embeddable":true,"href":"https:\/\/www.manologarciaycia.com\/index.php?rest_route=%2Fwp%2Fv2%2Ftags&post=3559"}],"curies":[{"name":"wp","href":"https:\/\/api.w.org\/{rel}","templated":true}]}}