{"id":3557,"date":"2012-06-19T08:38:16","date_gmt":"2012-06-19T06:38:16","guid":{"rendered":"http:\/\/www.manologarciaycia.com\/?p=3557"},"modified":"2012-06-19T08:38:16","modified_gmt":"2012-06-19T06:38:16","slug":"mg-un-viernes-inolvidable","status":"publish","type":"post","link":"https:\/\/www.manologarciaycia.com\/?p=3557","title":{"rendered":"MG: Un viernes inolvidable"},"content":{"rendered":"<p><img loading=\"lazy\" decoding=\"async\" alt=\"\" src=\"http:\/\/fotos02.diarioinformacion.com\/fotos\/noticias\/318x200\/2012-06-23_IMG_2012-06-16_01.31.18__SEX013LO001_234708.jpg.jpg\" class=\"alignright\" width=\"318\" height=\"201\" \/> Los conciertos de Manolo Garc\u00eda y La Negra, junto a exposiciones se sucedieron en una jornada muy cultural.<\/p>\n<p>El de ayer fue un d\u00eda dif\u00edcilmente repetible en la ciudad&#8230; a nivel cultural y, en apenas cinco horas, se fueron sucediendo exposiciones de fotograf\u00edas, esculturas y grabados junto a dos nombres de segura referencia en el mundo de la m\u00fasica, Manolo Garc\u00eda y La Negra, que adem\u00e1s iniciaron en la ciudad ilicitana nuevos recorridos e ilusionantes proyectos.<\/p>\n<p>Entre palmeras tambi\u00e9n, y acerc\u00e1ndose a las 11 de la noche, le lleg\u00f3 el momento al exl\u00edder de El \u00faltimo de la fila, Manolo Garc\u00eda, para recuperar su m\u00fasica en directo en la Rotonda -llena de p\u00fablico- del Parque Municipal, tras el par\u00e9ntesis realizado en su gira \u00abLos d\u00edas intactos\u00bb por la operaci\u00f3n de apendicitis a la que tuvo que ser sometido de urgencia el pasado 7 de mayo. En Elche recuper\u00f3 sus l\u00e1tidos como m\u00fasico.<\/p>\n<p>\nPasadas las 5.30 de la tarde, el ilicitano Adriano Agull\u00f3 inauguraba en Lloc d&#8217;Art una selecci\u00f3n de las im\u00e1genes (24 obras) que forman parte de su proyecto cultural \u00abMiss World &#038; Big John\u00bb y que da vida a lo que este joven artesano de la fotograf\u00eda ha calificado como una \u00abfotonovela\u00bb para recorrer, hora a hora, la particular historia de \u00abuna mujer contempor\u00e1nea v\u00edctima de los estereotipos modernos\u00bb.<\/p>\n<p>Algo m\u00e1s de dos horas despu\u00e9s le llegaba el turno a la tambi\u00e9n ilicitana Carmen Alarc\u00f3n y su exposici\u00f3n de obra gr\u00e1fica (diez trabajos) y escult\u00f3rica (ocho piezas de alabastro, escayola, hierro, bronce y cobre) que ha titulado \u00abFuerza de mujer\u00bb y que llena las instalaciones de la antigua Lonja Medieval.<\/p>\n<p>Superadas las 9 de la noche, el proyecto de \u00abM\u00fasicos en el para\u00edso\u00bb tomaba vida y la se\u00f1orial Palmera Imperial del Huerto del Cura era testigo de la excelente respuesta popular ante la inconfundible voz de La Negra, encadenando temas de su recorrido musical y su trabajo \u00abLa que nunca\u00bb.<\/p>\n<p>Fuente: Diario Informaci\u00f3n &#8211; <a href='http:\/\/www.diarioinformacion.com\/elche\/2012\/06\/16\/viernes-inolvidable\/1265256.html' target=_new>ENLACE<\/a><\/p>\n","protected":false},"excerpt":{"rendered":"<p>Los conciertos de Manolo Garc\u00eda y La Negra, junto a exposiciones se sucedieron en una jornada muy cultural. El de ayer fue un d\u00eda dif\u00edcilmente repetible en la ciudad&#8230; a nivel cultural y, en apenas cinco horas, se fueron sucediendo exposiciones de fotograf\u00edas, esculturas y grabados junto a dos nombres de segura referencia en el<a class=\"moretag\" href=\"https:\/\/www.manologarciaycia.com\/?p=3557\" title=\"MG: Un viernes inolvidable\" target=\"_self\" rel=\"follow\"> <font face=arial size=2>[Leer m\u00e1s]<\/font> <\/a><\/p>\n","protected":false},"author":2,"featured_media":0,"comment_status":"closed","ping_status":"closed","sticky":false,"template":"","format":"standard","meta":{"footnotes":""},"categories":[1],"tags":[],"class_list":["post-3557","post","type-post","status-publish","format-standard","hentry","category-manolo-garcia"],"_links":{"self":[{"href":"https:\/\/www.manologarciaycia.com\/index.php?rest_route=\/wp\/v2\/posts\/3557","targetHints":{"allow":["GET"]}}],"collection":[{"href":"https:\/\/www.manologarciaycia.com\/index.php?rest_route=\/wp\/v2\/posts"}],"about":[{"href":"https:\/\/www.manologarciaycia.com\/index.php?rest_route=\/wp\/v2\/types\/post"}],"author":[{"embeddable":true,"href":"https:\/\/www.manologarciaycia.com\/index.php?rest_route=\/wp\/v2\/users\/2"}],"replies":[{"embeddable":true,"href":"https:\/\/www.manologarciaycia.com\/index.php?rest_route=%2Fwp%2Fv2%2Fcomments&post=3557"}],"version-history":[{"count":1,"href":"https:\/\/www.manologarciaycia.com\/index.php?rest_route=\/wp\/v2\/posts\/3557\/revisions"}],"predecessor-version":[{"id":3558,"href":"https:\/\/www.manologarciaycia.com\/index.php?rest_route=\/wp\/v2\/posts\/3557\/revisions\/3558"}],"wp:attachment":[{"href":"https:\/\/www.manologarciaycia.com\/index.php?rest_route=%2Fwp%2Fv2%2Fmedia&parent=3557"}],"wp:term":[{"taxonomy":"category","embeddable":true,"href":"https:\/\/www.manologarciaycia.com\/index.php?rest_route=%2Fwp%2Fv2%2Fcategories&post=3557"},{"taxonomy":"post_tag","embeddable":true,"href":"https:\/\/www.manologarciaycia.com\/index.php?rest_route=%2Fwp%2Fv2%2Ftags&post=3557"}],"curies":[{"name":"wp","href":"https:\/\/api.w.org\/{rel}","templated":true}]}}