{"id":3552,"date":"2012-06-17T20:13:48","date_gmt":"2012-06-17T18:13:48","guid":{"rendered":"http:\/\/www.manologarciaycia.com\/?p=3552"},"modified":"2012-06-17T20:13:48","modified_gmt":"2012-06-17T18:13:48","slug":"mg-concierto-en-valladolid-6-de-octubre","status":"publish","type":"post","link":"https:\/\/www.manologarciaycia.com\/?p=3552","title":{"rendered":"MG: Concierto en Valladolid, 6 de Octubre"},"content":{"rendered":"<p><img loading=\"lazy\" decoding=\"async\" alt=\"\" src=\"http:\/\/ocio.elnortedecastilla.es\/files\/images\/noticias\/foto\/manolo-garcia-copia.jpg\" class=\"alignleft\" width=\"320\" height=\"340\" \/> El exintegrante de El \u00daltimo de la Fila presentar\u00e1 su \u00faltimo disco en Arroyo de la Encomienda (Valladolid).<\/p>\n<p>El pr\u00f3ximo s\u00e1bado 6 de octubre, la Plaza Cubierta de \u00abLa Flecha\u00bb en Arroyo de la Encomienda acoge el concierto del compositor Manolo Garc\u00eda. El cantante catal\u00e1n llega a tierras vallisoletanas con su \u00faltimo disco bajo el brazo: &#8216;Los d\u00edas intactos&#8217;.<\/p>\n<p>Cuando los relojes marquen las 23:00 horas, Manolo Garc\u00eda saltar\u00e1 al escenario para desplegar todo su abanico musical ante cientos de fans. Dos horas antes, exactamente a las 21:00 horas, ser\u00e1 la apertura de puertas para esperar el directo del artista. Las entradas estar\u00e1n pr\u00f3ximamente a la venta.<\/p>\n<p>Fuente: El Norte de Castilla &#8211; <a href='http:\/\/ocio.elnortedecastilla.es\/musica\/manolo-garcia-actuara-en-arroyo-de-la-encomienda-17062012.html' target=_new>ENLACE<\/a><\/p>\n","protected":false},"excerpt":{"rendered":"<p>El exintegrante de El \u00daltimo de la Fila presentar\u00e1 su \u00faltimo disco en Arroyo de la Encomienda (Valladolid). El pr\u00f3ximo s\u00e1bado 6 de octubre, la Plaza Cubierta de \u00abLa Flecha\u00bb en Arroyo de la Encomienda acoge el concierto del compositor Manolo Garc\u00eda. El cantante catal\u00e1n llega a tierras vallisoletanas con su \u00faltimo disco bajo el<a class=\"moretag\" href=\"https:\/\/www.manologarciaycia.com\/?p=3552\" title=\"MG: Concierto en Valladolid, 6 de Octubre\" target=\"_self\" rel=\"follow\"> <font face=arial size=2>[Leer m\u00e1s]<\/font> <\/a><\/p>\n","protected":false},"author":2,"featured_media":0,"comment_status":"closed","ping_status":"closed","sticky":false,"template":"","format":"standard","meta":{"footnotes":""},"categories":[1],"tags":[],"class_list":["post-3552","post","type-post","status-publish","format-standard","hentry","category-manolo-garcia"],"_links":{"self":[{"href":"https:\/\/www.manologarciaycia.com\/index.php?rest_route=\/wp\/v2\/posts\/3552","targetHints":{"allow":["GET"]}}],"collection":[{"href":"https:\/\/www.manologarciaycia.com\/index.php?rest_route=\/wp\/v2\/posts"}],"about":[{"href":"https:\/\/www.manologarciaycia.com\/index.php?rest_route=\/wp\/v2\/types\/post"}],"author":[{"embeddable":true,"href":"https:\/\/www.manologarciaycia.com\/index.php?rest_route=\/wp\/v2\/users\/2"}],"replies":[{"embeddable":true,"href":"https:\/\/www.manologarciaycia.com\/index.php?rest_route=%2Fwp%2Fv2%2Fcomments&post=3552"}],"version-history":[{"count":1,"href":"https:\/\/www.manologarciaycia.com\/index.php?rest_route=\/wp\/v2\/posts\/3552\/revisions"}],"predecessor-version":[{"id":3553,"href":"https:\/\/www.manologarciaycia.com\/index.php?rest_route=\/wp\/v2\/posts\/3552\/revisions\/3553"}],"wp:attachment":[{"href":"https:\/\/www.manologarciaycia.com\/index.php?rest_route=%2Fwp%2Fv2%2Fmedia&parent=3552"}],"wp:term":[{"taxonomy":"category","embeddable":true,"href":"https:\/\/www.manologarciaycia.com\/index.php?rest_route=%2Fwp%2Fv2%2Fcategories&post=3552"},{"taxonomy":"post_tag","embeddable":true,"href":"https:\/\/www.manologarciaycia.com\/index.php?rest_route=%2Fwp%2Fv2%2Ftags&post=3552"}],"curies":[{"name":"wp","href":"https:\/\/api.w.org\/{rel}","templated":true}]}}