{"id":3546,"date":"2012-06-17T07:49:11","date_gmt":"2012-06-17T05:49:11","guid":{"rendered":"http:\/\/www.manologarciaycia.com\/?p=3546"},"modified":"2012-06-17T07:49:11","modified_gmt":"2012-06-17T05:49:11","slug":"mg-la-magia-de-cada-cancion-es-unica-no-puedo-repetirme","status":"publish","type":"post","link":"https:\/\/www.manologarciaycia.com\/?p=3546","title":{"rendered":"MG: \u00abLa magia de cada canci\u00f3n es \u00fanica, no puedo repetirme\u00bb"},"content":{"rendered":"<p><img loading=\"lazy\" decoding=\"async\" alt=\"\" src=\"http:\/\/i.promecal.es\/imagenes\/2012\/6CF18757-088E-50A2-97DBE9D33046FC02.JPG\" class=\"alignleft\" width=\"394\" height=\"235\" \/> Manolo Garc\u00eda, tras su intervenci\u00f3n de urgencia de apendicitis, reanuda su gira. Albacete es la segunda parada de su vuelta a los escenarios. Estar\u00e1 hoy en la Caseta de los Jardinillos, a partir de las 22,30 horas, dentro de su aclamada gira Los d\u00edas intactos. El m\u00fasico coment\u00f3 a La Tribuna de Albacete distintos aspectos sobre su concierto en la capital.<\/p>\n<p><b>\u00bfRecuperado?<\/b><br \/>\nS\u00ed, el viernes pasado me dieron el alta, he estado un mes. Reanudamos en Elche y despu\u00e9s en Albacete.<\/p>\n<p><b>\u00bfMuchos deseos de volver?<\/b><br \/>\nYo creo que al m\u00fasico, si lo sacas de su entorno natural, el escenario, la composici\u00f3n, los estudios, se pone un poco triste y ese es el caso. Tengo la suerte que cuando he estado de baja cultivo otra afici\u00f3n que es la pintura. Pero si soy sincero, s\u00ed que ten\u00eda ganas de volver a la carretera, porque tengo un mont\u00f3n de compa\u00f1eros esperando y hay que volver a la carga. Yo, encantado y con ganas.<br \/>\nNos trae en concierto su \u00faltimo disco, Los d\u00edas intactos. \u00bfEs su trabajo m\u00e1s americano?<br \/>\nCreo que s\u00ed, las guitarras el\u00e9ctricas trabajan m\u00e1s por libre, a su aire, aunque yo nunca he perdido la impronta de pop o pop-rock, la he tenido siempre, con mi sello, aunque en este disco ciertamente, hay una mayor cantidad de guitarra el\u00e9ctrica y un poco m\u00e1s de rock and roll, algo que a m\u00ed me ha gustado siempre, aunque lo que me gusta es dar un sello propio a la canci\u00f3n, un sello singular y \u00fanico, que la gente no tenga ninguna duda.<\/p>\n<p><b>Lo grab\u00f3 en 2011 con grandes del rock en Estados Unidos. \u00bfUn punto m\u00e1s rockero?<\/b><br \/>\nPara m\u00ed, cada disco supone la idea de ser feliz haci\u00e9ndolo, porque hacer canciones es una cosa muy singular, muy curiosa. Cada disco tiene que ser diferente, tiene que surgir de la necesidad vital, porque un disco no se puede hacer de una manera aburrida, no puedes acogerte a un m\u00e9todo \u00fanico, igual ocurre con los m\u00fasicos. Con una parte del disco tienes que salir, ver otra gente, eso te mantiene despierto, es un reto para demostrar tu val\u00eda, la que tengas y para m\u00ed es muy importante. En este caso me he ido lejos, he conocido a unos tipos encantadores, gente veterana que ha trabajado con grandes maestros, con m\u00fasicos que ya forman parte de la historia de la m\u00fasica, y para plantarme ante ellos, como productor de mi disco, y decirles lo que quer\u00eda, o est\u00e1s despierto o apaga y v\u00e1monos. Es la ilusi\u00f3n de tocar con gente a la que he admirado.<br \/>\nM\u00e1s informaci\u00f3n, edici\u00f3n impresa.<\/p>\n<p>Fuente: La Tribuna de Albacete &#8211; <a href='http:\/\/www.latribunadealbacete.es\/noticia\/Z6CF18618-DE10-1659-41FDB41FEACBE820\/20120616\/manolo\/garcia\/magia\/cada\/cancion\/es\/unica\/no\/puedo\/repetirme' target=new>ENLACE<\/a><\/p>\n","protected":false},"excerpt":{"rendered":"<p>Manolo Garc\u00eda, tras su intervenci\u00f3n de urgencia de apendicitis, reanuda su gira. Albacete es la segunda parada de su vuelta a los escenarios. Estar\u00e1 hoy en la Caseta de los Jardinillos, a partir de las 22,30 horas, dentro de su aclamada gira Los d\u00edas intactos. El m\u00fasico coment\u00f3 a La Tribuna de Albacete distintos aspectos<a class=\"moretag\" href=\"https:\/\/www.manologarciaycia.com\/?p=3546\" title=\"MG: \u00abLa magia de cada canci\u00f3n es \u00fanica, no puedo repetirme\u00bb\" target=\"_self\" rel=\"follow\"> <font face=arial size=2>[Leer m\u00e1s]<\/font> <\/a><\/p>\n","protected":false},"author":2,"featured_media":0,"comment_status":"closed","ping_status":"closed","sticky":false,"template":"","format":"standard","meta":{"footnotes":""},"categories":[1],"tags":[],"class_list":["post-3546","post","type-post","status-publish","format-standard","hentry","category-manolo-garcia"],"_links":{"self":[{"href":"https:\/\/www.manologarciaycia.com\/index.php?rest_route=\/wp\/v2\/posts\/3546","targetHints":{"allow":["GET"]}}],"collection":[{"href":"https:\/\/www.manologarciaycia.com\/index.php?rest_route=\/wp\/v2\/posts"}],"about":[{"href":"https:\/\/www.manologarciaycia.com\/index.php?rest_route=\/wp\/v2\/types\/post"}],"author":[{"embeddable":true,"href":"https:\/\/www.manologarciaycia.com\/index.php?rest_route=\/wp\/v2\/users\/2"}],"replies":[{"embeddable":true,"href":"https:\/\/www.manologarciaycia.com\/index.php?rest_route=%2Fwp%2Fv2%2Fcomments&post=3546"}],"version-history":[{"count":1,"href":"https:\/\/www.manologarciaycia.com\/index.php?rest_route=\/wp\/v2\/posts\/3546\/revisions"}],"predecessor-version":[{"id":3547,"href":"https:\/\/www.manologarciaycia.com\/index.php?rest_route=\/wp\/v2\/posts\/3546\/revisions\/3547"}],"wp:attachment":[{"href":"https:\/\/www.manologarciaycia.com\/index.php?rest_route=%2Fwp%2Fv2%2Fmedia&parent=3546"}],"wp:term":[{"taxonomy":"category","embeddable":true,"href":"https:\/\/www.manologarciaycia.com\/index.php?rest_route=%2Fwp%2Fv2%2Fcategories&post=3546"},{"taxonomy":"post_tag","embeddable":true,"href":"https:\/\/www.manologarciaycia.com\/index.php?rest_route=%2Fwp%2Fv2%2Ftags&post=3546"}],"curies":[{"name":"wp","href":"https:\/\/api.w.org\/{rel}","templated":true}]}}