{"id":3543,"date":"2012-06-16T06:30:22","date_gmt":"2012-06-16T04:30:22","guid":{"rendered":"http:\/\/www.manologarciaycia.com\/?p=3543"},"modified":"2012-06-16T06:34:36","modified_gmt":"2012-06-16T04:34:36","slug":"mg-manolo-garcia-el-rockero-tranquilo-recala-en-elche","status":"publish","type":"post","link":"https:\/\/www.manologarciaycia.com\/?p=3543","title":{"rendered":"MG: Manolo Garc\u00eda, el rockero tranquilo, recala en Elche"},"content":{"rendered":"<p>El peri\u00f3dico en el que se esconde esta p\u00e1gina habla de un mundo distinto al que encierra Los d\u00edas intactos, el \u00faltimo disco del m\u00fasico y cantante barcelon\u00e9s Manolo Garc\u00eda. El exvocalista de El \u00daltimo de la Fila defiende el derecho a vivir con plenitud e independencia en este planeta surrealista gobernado por alien\u00edgenas. Lo canta en un castellano que sabe a mar y a huerta aunque navegue en rock and roll made in USA. Sus or\u00edgenes siguen intactos.<\/p>\n<p><b>Aparte de Los d\u00edas intactos, \u00bfqu\u00e9 va a sonar en Elche?<\/b><br \/>\nSiempre hago versiones de las canciones, nunca las toco igual. La espina dorsal es la misma, el embri\u00f3n est\u00e1 ah\u00ed. Algunos m\u00fasicos, como Dylan, cambian la letra, pero yo ah\u00ed no llego. Lo que s\u00ed hago son arreglos diferentes, para dar un poco la sorpresa. A lo mejor hago San Fernando con una salida nueva&#8230;<\/p>\n<p><b>La portada es colorista, ochentera, el sonido m\u00e1s guitarrero, menos \u00e9tnico que en el anterior disco. \u00bfQu\u00e9 le llev\u00f3 a querer hacer un \u00e1lbum as\u00ed?<\/b><br \/>\nCreo que el principio motor deber\u00eda ser hacer las cosas con ganas y por una necesidad vital y no por que le interesa a la compa\u00f1\u00eda, o por la venta pura y dura. Muchos m\u00fasicos lo hacen s\u00f3lo porque se plantean \u00aba qu\u00e9 me voy a dedicar a mi edad si no\u00bb. No es mi caso. Sigo componiendo, leyendo, pintando, d\u00e1ndole sentido a mi d\u00edas. Tengo la sensaci\u00f3n de vivir en un planeta surrealista, de ah\u00ed un poco la portada, y compongo en un estado de \u00e1nimo concreto. Tardo cerca de un a\u00f1o en hacer un disco, as\u00ed que mes a mes vas viviendo, leyendo la prensa, tienes experiencias y el disco se nutre de esos estados de \u00e1nimo casuales. Otras veces los buscas. Eso es ir a California a grabar con se\u00f1or determinado, a Creta, a darle un sesgo determinado a lo que quieres hacer. Cuando te encuentras con eso, con los sentidos despiertos, es un reto. Vas a dirigir a esos m\u00fasicos que no te conocen, no puedes hacer el patata. Es mi forma de acicate, de retarme a m\u00ed mismo y de hacer un disco sincero, bonito. Hay que buscarle la poes\u00eda a la vida. Todo no puede ser Rajoy y Zapatero. Esa experiencia es la \u00fanica forma que conozco de hacer un disco.<\/p>\n<p><b>\u00bfSe ha planteado alguna vez si seguir\u00edas haciendo m\u00fasica si las cosas, o tu percepci\u00f3n de ellas, fueran distintas?<\/b><br \/>\nS\u00ed, lo he pensado muchas veces. Pienso siempre que si hubiera nacido en el siglo XVII en las praderas de Norteam\u00e9rica, si viviera una vida regulada por las estaciones, si todo fuese as\u00ed de f\u00e1cil, no habr\u00eda hecho nada especial. No necesitar\u00edamos el rock and roll. Siento que he nacido en un mundo demasiado gastado y que por eso hago canciones. Aunque tambi\u00e9n ser\u00eda importante hacer las cosas sin rabia. Ser\u00eda m\u00e1s bonito hacer m\u00fasica por alegr\u00eda de vivir.<\/p>\n<p><b>\u00bfCuando ve a gente de su generaci\u00f3n que vuelve con un grandes \u00e9xitos o una gira de conciertos, qu\u00e9 piensa?<\/b><br \/>\nBueno, yo he aprendido algunas cosas en esta vida. Otras no, porque soy muy burro, pero lo que he aprendido, lo he aprendido bien. Una es la tenacidad, y la otra, que no hay que juzgar a nadie. No juzgo si vuelven porque lo disfrutan o por si est\u00e1n pelados. Lo que s\u00ed pienso con algunos es \u00abqu\u00e9 pena que no tengan ya ganas de hacer un disco como aqu\u00e9l\u00bb. Cuando un se\u00f1or a partir de los 40 sigue teniendo la necesidad de crear es admirable. A m\u00ed nadie me va a impedir hacerlo&#8230; Ves al polic\u00eda a porrazos, el corralito&#8230; Y empiezas con que la vida es una mierda. As\u00ed que me siento con mis cuatro acordes de rock de toda la vida y le canto a eso, me hago mi castillo de arena donde soy el monarca absoluto. Con 13 a\u00f1os me pon\u00eda los pelos de punta Led Zeppelin y todav\u00eda el otro d\u00eda fui a ver un concierto, a Wilco. Qu\u00e9 sonidazo, qu\u00e9 fantas\u00eda de guitarra. Para mi eso es la m\u00fasica. El que queda es porque la m\u00fasica es imprescindible en su vida.<\/p>\n<p><b>\u00bfC\u00f3mo se queda un rockero californiano de casi 70 a\u00f1os como Waddy Wachtel cuando le llama un m\u00fasico espa\u00f1ol con deje flamenco para que toque con \u00e9l?<\/b><br \/>\nDijo, \u00abbueno d\u00e9jame que escuche algo en Internet\u00bb. Y despu\u00e9s llam\u00f3, flipando un poco. Me dijo que lo que \u00e9l hac\u00eda no ten\u00eda nada que ver. \u00abPor eso mismo\u00bb, le dije. Yo soy espa\u00f1ol, me gusta el flamenco, el Mediterr\u00e1neo y todo eso, pero mis gustos son rockeros. \u00ab\u00c9se es el lenguaje que quiero, el vuestro\u00bb, le dije. No quiero desmerecer a las bandas de rock de aqu\u00ed, pero aquellos tipos eran due\u00f1os de la esencia.<\/p>\n<p><b>Por mucho que cambies los m\u00fasicos en cada \u00e1lbum, los discos siguen sonando como \u00abde Manolo Garc\u00eda\u00bb.<\/b><br \/>\nMe alegra que me hagas esa observaci\u00f3n (r\u00ede). Soy el mismo cantante porque afortunadamente tengo una garganta que me funciona bastante bien, pero como productor lo m\u00e1s importante es que el m\u00fasico que llega se adapte a ti. La palabra \u00abmercenarios\u00bb suena fea, pero es correcta. En California grab\u00e9 con un m\u00fasico de estudio que hab\u00eda participado en 700 discos. Yo voy por el 18, y mi obligaci\u00f3n es conseguir que ellos, que son tan excelentes que pueden hacer lo que quieran, hagan lo que les pido. Y me dejo la piel y un dineral.<\/p>\n<p>Fuente: Diario Informaci\u00f3n &#8211; <a href='http:\/\/ocio.diarioinformacion.com\/agenda\/noticias\/nws-88508-manolo-garcia-rockero-tranquilo-recala-elche.html' target=_new>ENLACE<\/a><\/p>\n","protected":false},"excerpt":{"rendered":"<p>El peri\u00f3dico en el que se esconde esta p\u00e1gina habla de un mundo distinto al que encierra Los d\u00edas intactos, el \u00faltimo disco del m\u00fasico y cantante barcelon\u00e9s Manolo Garc\u00eda. El exvocalista de El \u00daltimo de la Fila defiende el derecho a vivir con plenitud e independencia en este planeta surrealista gobernado por alien\u00edgenas. Lo<a class=\"moretag\" href=\"https:\/\/www.manologarciaycia.com\/?p=3543\" title=\"MG: Manolo Garc\u00eda, el rockero tranquilo, recala en Elche\" target=\"_self\" rel=\"follow\"> <font face=arial size=2>[Leer m\u00e1s]<\/font> <\/a><\/p>\n","protected":false},"author":2,"featured_media":0,"comment_status":"closed","ping_status":"closed","sticky":false,"template":"","format":"standard","meta":{"footnotes":""},"categories":[1],"tags":[],"class_list":["post-3543","post","type-post","status-publish","format-standard","hentry","category-manolo-garcia"],"_links":{"self":[{"href":"https:\/\/www.manologarciaycia.com\/index.php?rest_route=\/wp\/v2\/posts\/3543","targetHints":{"allow":["GET"]}}],"collection":[{"href":"https:\/\/www.manologarciaycia.com\/index.php?rest_route=\/wp\/v2\/posts"}],"about":[{"href":"https:\/\/www.manologarciaycia.com\/index.php?rest_route=\/wp\/v2\/types\/post"}],"author":[{"embeddable":true,"href":"https:\/\/www.manologarciaycia.com\/index.php?rest_route=\/wp\/v2\/users\/2"}],"replies":[{"embeddable":true,"href":"https:\/\/www.manologarciaycia.com\/index.php?rest_route=%2Fwp%2Fv2%2Fcomments&post=3543"}],"version-history":[{"count":2,"href":"https:\/\/www.manologarciaycia.com\/index.php?rest_route=\/wp\/v2\/posts\/3543\/revisions"}],"predecessor-version":[{"id":3545,"href":"https:\/\/www.manologarciaycia.com\/index.php?rest_route=\/wp\/v2\/posts\/3543\/revisions\/3545"}],"wp:attachment":[{"href":"https:\/\/www.manologarciaycia.com\/index.php?rest_route=%2Fwp%2Fv2%2Fmedia&parent=3543"}],"wp:term":[{"taxonomy":"category","embeddable":true,"href":"https:\/\/www.manologarciaycia.com\/index.php?rest_route=%2Fwp%2Fv2%2Fcategories&post=3543"},{"taxonomy":"post_tag","embeddable":true,"href":"https:\/\/www.manologarciaycia.com\/index.php?rest_route=%2Fwp%2Fv2%2Ftags&post=3543"}],"curies":[{"name":"wp","href":"https:\/\/api.w.org\/{rel}","templated":true}]}}