{"id":3539,"date":"2012-06-15T09:00:11","date_gmt":"2012-06-15T07:00:11","guid":{"rendered":"http:\/\/www.manologarciaycia.com\/?p=3539"},"modified":"2012-06-16T06:28:35","modified_gmt":"2012-06-16T04:28:35","slug":"mg-manolo-garcia-regresa-a-los-escenarios-hoy-con-el-concierto-de-la-rotonda","status":"publish","type":"post","link":"https:\/\/www.manologarciaycia.com\/?p=3539","title":{"rendered":"MG: Manolo Garc\u00eda regresa a los escenarios hoy con el concierto de la Rotonda"},"content":{"rendered":"<p>La gira \u00abLos d\u00edas intactos\u00bb se retoma en Elche tras el par\u00e9ntesis por la operaci\u00f3n de apendicitis del cantante. <\/p>\n<p>El cantate Manolo Garc\u00eda interrump\u00eda el 7 de mayo su reci\u00e9n iniciada -y exitosa, a ra\u00edz de la gran respuesta recibida en sus conciertos de Madrid y el \u00fanico que pudo celebrar en Barcelona- gira teatral \u00abLos d\u00edas intactos\u00bb por la operaci\u00f3n de apendicitis a la que tuvo que ser sometido de urgencia. Ahora, esta noche y entre palmeras, el exl\u00edder de \u00abEl \u00faltimo de la fila\u00bb retoma su contacto con el p\u00fablico en directo a trav\u00e9s del concierto que ofrecer\u00e1, a partir de las 22.30 horas, en la Rotonda del parque Municipal. Tras el concierto de Elche, Manolo Garc\u00eda, seg\u00fan la web del cantante, trasladar\u00e1 su gira a Albacete (ma\u00f1ana), C\u00f3rdoba (22 de junio), Ja\u00e9n (28 de junio) y Sevilla (30 de junio).<\/p>\n<p>RECORRIDO MUSICAL. Un reencuentro con nuevos temas. El reencuentro de hoy de Manolo Garc\u00eda con el directo llegar\u00e1 marcado tambi\u00e9n por los nuevos temas de su ya exitoso \u00e1lbum \u00abLos d\u00edas intactos\u00bb.<\/p>\n<p>Fuente: Diario Informaci\u00f3n &#8211; <a href='http:\/\/www.diarioinformacion.com\/elche\/2012\/06\/15\/manolo-garcia-regresa-escenarios-hoy-concierto-rotonda\/1264862.html?utm_source=rss' target=_new>ENLACE<\/a><\/p>\n","protected":false},"excerpt":{"rendered":"<p>La gira \u00abLos d\u00edas intactos\u00bb se retoma en Elche tras el par\u00e9ntesis por la operaci\u00f3n de apendicitis del cantante. El cantate Manolo Garc\u00eda interrump\u00eda el 7 de mayo su reci\u00e9n iniciada -y exitosa, a ra\u00edz de la gran respuesta recibida en sus conciertos de Madrid y el \u00fanico que pudo celebrar en Barcelona- gira teatral<a class=\"moretag\" href=\"https:\/\/www.manologarciaycia.com\/?p=3539\" title=\"MG: Manolo Garc\u00eda regresa a los escenarios hoy con el concierto de la Rotonda\" target=\"_self\" rel=\"follow\"> <font face=arial size=2>[Leer m\u00e1s]<\/font> <\/a><\/p>\n","protected":false},"author":2,"featured_media":0,"comment_status":"closed","ping_status":"closed","sticky":false,"template":"","format":"standard","meta":{"footnotes":""},"categories":[1],"tags":[],"class_list":["post-3539","post","type-post","status-publish","format-standard","hentry","category-manolo-garcia"],"_links":{"self":[{"href":"https:\/\/www.manologarciaycia.com\/index.php?rest_route=\/wp\/v2\/posts\/3539","targetHints":{"allow":["GET"]}}],"collection":[{"href":"https:\/\/www.manologarciaycia.com\/index.php?rest_route=\/wp\/v2\/posts"}],"about":[{"href":"https:\/\/www.manologarciaycia.com\/index.php?rest_route=\/wp\/v2\/types\/post"}],"author":[{"embeddable":true,"href":"https:\/\/www.manologarciaycia.com\/index.php?rest_route=\/wp\/v2\/users\/2"}],"replies":[{"embeddable":true,"href":"https:\/\/www.manologarciaycia.com\/index.php?rest_route=%2Fwp%2Fv2%2Fcomments&post=3539"}],"version-history":[{"count":2,"href":"https:\/\/www.manologarciaycia.com\/index.php?rest_route=\/wp\/v2\/posts\/3539\/revisions"}],"predecessor-version":[{"id":3542,"href":"https:\/\/www.manologarciaycia.com\/index.php?rest_route=\/wp\/v2\/posts\/3539\/revisions\/3542"}],"wp:attachment":[{"href":"https:\/\/www.manologarciaycia.com\/index.php?rest_route=%2Fwp%2Fv2%2Fmedia&parent=3539"}],"wp:term":[{"taxonomy":"category","embeddable":true,"href":"https:\/\/www.manologarciaycia.com\/index.php?rest_route=%2Fwp%2Fv2%2Fcategories&post=3539"},{"taxonomy":"post_tag","embeddable":true,"href":"https:\/\/www.manologarciaycia.com\/index.php?rest_route=%2Fwp%2Fv2%2Ftags&post=3539"}],"curies":[{"name":"wp","href":"https:\/\/api.w.org\/{rel}","templated":true}]}}