{"id":3537,"date":"2012-06-15T08:58:55","date_gmt":"2012-06-15T06:58:55","guid":{"rendered":"http:\/\/www.manologarciaycia.com\/?p=3537"},"modified":"2012-06-15T08:58:55","modified_gmt":"2012-06-15T06:58:55","slug":"mg-manolo-garcia-actua-esta-noche-en-el-parque-de-elche","status":"publish","type":"post","link":"https:\/\/www.manologarciaycia.com\/?p=3537","title":{"rendered":"MG: Manolo Garc\u00eda act\u00faa esta noche en el Parque de Elche"},"content":{"rendered":"<p>La gira teatral de Manolo Garc\u00eda llega esta noche al escenario de la Rotonda del Parque Municipal de Elche, en el que ser\u00e1 su primer concierto tras la intervenci\u00f3n de urgencia por apendicitis a la que tuvo que ser sometido hace dos semanas. Este concierto forma parte de la gira de teatros y auditorios de su nuevo \u00e1lbum &#8216;Los d\u00edas intactos&#8217;, que ha permanecido tres semanas consecutivas en el n\u00famero uno de la lista de los m\u00e1s vendidos en Espa\u00f1a y roza ya el triple Disco de Platino.<\/p>\n<p>El artista catal\u00e1n realiz\u00f3 los primeros conciertos de esta gira durante seis d\u00edas de abril en el Palacio Municipal de Congresos del Campo de las Naciones de Madrid y otros seis d\u00edas de mayo en Barcelona, con las entradas agotadas con meses de antelaci\u00f3n. Su vuelta a los escenarios ser\u00e1 precisamente con este concierto en Elche, donde, seg\u00fan confirm\u00f3 en una entrevista a este peri\u00f3dico, en el repertorio suele tocar unas \u00abnueve o diez canciones del \u00faltimo disco y repasamos otras cinco o seis de las cl\u00e1sicas de otros \u00e1lbumes\u00bb. En palabras de Garc\u00eda, el trabajo que presenta en Elche es un disco \u00abm\u00e1s roquero que otros, como cuando viajaba por Grecia o Brasil y hac\u00eda m\u00e1s mestizaje, tomando instrumentos y ritmos de esos pa\u00edses. Para hacer este disco he tardado dos a\u00f1os, por lo que he estado m\u00e1s calmado y el resultado es muy bueno\u00bb.<\/p>\n<p>Un concierto que se prev\u00e9 tenga mucha fuerza por las ganas que manifest\u00f3 el artista de volver a los escenarios tras su operaci\u00f3n.<\/p>\n<p>Fuente: Las Provincias &#8211; <a href='http:\/\/www.lasprovincias.es\/v\/20120615\/culturas\/manolo-garcia-actua-esta-20120615.html' target=_new>ENLACE<\/a><\/p>\n","protected":false},"excerpt":{"rendered":"<p>La gira teatral de Manolo Garc\u00eda llega esta noche al escenario de la Rotonda del Parque Municipal de Elche, en el que ser\u00e1 su primer concierto tras la intervenci\u00f3n de urgencia por apendicitis a la que tuvo que ser sometido hace dos semanas. Este concierto forma parte de la gira de teatros y auditorios de<a class=\"moretag\" href=\"https:\/\/www.manologarciaycia.com\/?p=3537\" title=\"MG: Manolo Garc\u00eda act\u00faa esta noche en el Parque de Elche\" target=\"_self\" rel=\"follow\"> <font face=arial size=2>[Leer m\u00e1s]<\/font> <\/a><\/p>\n","protected":false},"author":2,"featured_media":0,"comment_status":"closed","ping_status":"closed","sticky":false,"template":"","format":"standard","meta":{"footnotes":""},"categories":[1],"tags":[],"class_list":["post-3537","post","type-post","status-publish","format-standard","hentry","category-manolo-garcia"],"_links":{"self":[{"href":"https:\/\/www.manologarciaycia.com\/index.php?rest_route=\/wp\/v2\/posts\/3537","targetHints":{"allow":["GET"]}}],"collection":[{"href":"https:\/\/www.manologarciaycia.com\/index.php?rest_route=\/wp\/v2\/posts"}],"about":[{"href":"https:\/\/www.manologarciaycia.com\/index.php?rest_route=\/wp\/v2\/types\/post"}],"author":[{"embeddable":true,"href":"https:\/\/www.manologarciaycia.com\/index.php?rest_route=\/wp\/v2\/users\/2"}],"replies":[{"embeddable":true,"href":"https:\/\/www.manologarciaycia.com\/index.php?rest_route=%2Fwp%2Fv2%2Fcomments&post=3537"}],"version-history":[{"count":1,"href":"https:\/\/www.manologarciaycia.com\/index.php?rest_route=\/wp\/v2\/posts\/3537\/revisions"}],"predecessor-version":[{"id":3538,"href":"https:\/\/www.manologarciaycia.com\/index.php?rest_route=\/wp\/v2\/posts\/3537\/revisions\/3538"}],"wp:attachment":[{"href":"https:\/\/www.manologarciaycia.com\/index.php?rest_route=%2Fwp%2Fv2%2Fmedia&parent=3537"}],"wp:term":[{"taxonomy":"category","embeddable":true,"href":"https:\/\/www.manologarciaycia.com\/index.php?rest_route=%2Fwp%2Fv2%2Fcategories&post=3537"},{"taxonomy":"post_tag","embeddable":true,"href":"https:\/\/www.manologarciaycia.com\/index.php?rest_route=%2Fwp%2Fv2%2Ftags&post=3537"}],"curies":[{"name":"wp","href":"https:\/\/api.w.org\/{rel}","templated":true}]}}