{"id":3535,"date":"2012-06-14T09:19:17","date_gmt":"2012-06-14T07:19:17","guid":{"rendered":"http:\/\/www.manologarciaycia.com\/?p=3535"},"modified":"2012-06-14T09:19:17","modified_gmt":"2012-06-14T07:19:17","slug":"mg-el-cantante-manolo-garcia-vuelve-tras-su-operacion","status":"publish","type":"post","link":"https:\/\/www.manologarciaycia.com\/?p=3535","title":{"rendered":"MG: El cantante Manolo Garc\u00eda vuelve tras su operaci\u00f3n"},"content":{"rendered":"<p><img loading=\"lazy\" decoding=\"async\" alt=\"\" src=\"http:\/\/www.elpueblodealbacete.com\/repositorio\/a295\/cultural\/10378\/22\/concierto-manolo-garcia.jpg\" class=\"alignright\" width=\"500\" height=\"299\" \/> Que los seguidores y fans del cantante y autor nacional Manolo Garc\u00eda se queden tranquilos. Su concierto en Albacete, dentro de su nueva gira, seguir\u00e1 adelante. Y es que sus m\u00e1s fieles albacete\u00f1os estaban a la espera de saber si su actuaci\u00f3n quedaba en suspenso o no, puesto que el artista tuvo que ser sometido recientemente a una intervenci\u00f3n de urgencia por apendicitis el pasado lunes. Pero vuelve a los escenarios, y as\u00ed se hizo saber ayer mediante comunicado a los medios, y en Albacete, la capital, estar\u00e1 dando todas sus letras y su m\u00fasica en el que ser\u00e1 el segundo concierto de la Gira Teatral.<\/p>\n<p>As\u00ed que, tranquilos, puesto que el pr\u00f3ximo s\u00e1bado d\u00eda 16 del mes de junio, los fans tienen una cita con el cantante en la Caseta de los Jardinillos. Pero lo cierto es que Manolo Garc\u00eda est\u00e1 cosechando una avalancha de buenas cr\u00edticas a su paso por las ciudades espa\u00f1olas presentando su nuevo trabajo Los d\u00edas intactos en su aclamada gira de teatros y auditorios. Esta gira recalar\u00e1 en Albacete, ciudad con la que el cantante tiene una gran relaci\u00f3n. Las entradas para este concierto se pusieron ayer mismo a la venta.<\/p>\n<p><b><u>Recolecta de \u00e9xitos<\/b><\/u><br \/>\nSu nuevo trabajao ha permanecido tres semanas consecutivas en el n\u00famero uno de la lista de los m\u00e1s vendidos en Espa\u00f1a y roza ya el Triple Disco de Platino. En estos primeros conciertos han destacado los seis d\u00edas de abril en el Palacio Municipal de Congresos del Campo de las Naciones de Madrid y los seis de mayo en Barcelona, con las entradas agotadas con meses de antelaci\u00f3n. Debido a su operaci\u00f3n de apendicitis, la gira ha tenido que ser suspendida por un mes, por lo que los conciertos previstos en esas semanas tendr\u00e1n que ser recolocados en nuevas fechas todav\u00eda no cerradas. Su vuelta a los escenarios ser\u00e1 en Elche, el d\u00eda anterior a su actuaci\u00f3n en Albacete.<\/p>\n<p>Fuente: El Pueblo de Albacete<\/p>\n","protected":false},"excerpt":{"rendered":"<p>Que los seguidores y fans del cantante y autor nacional Manolo Garc\u00eda se queden tranquilos. Su concierto en Albacete, dentro de su nueva gira, seguir\u00e1 adelante. Y es que sus m\u00e1s fieles albacete\u00f1os estaban a la espera de saber si su actuaci\u00f3n quedaba en suspenso o no, puesto que el artista tuvo que ser sometido<a class=\"moretag\" href=\"https:\/\/www.manologarciaycia.com\/?p=3535\" title=\"MG: El cantante Manolo Garc\u00eda vuelve tras su operaci\u00f3n\" target=\"_self\" rel=\"follow\"> <font face=arial size=2>[Leer m\u00e1s]<\/font> <\/a><\/p>\n","protected":false},"author":2,"featured_media":0,"comment_status":"closed","ping_status":"closed","sticky":false,"template":"","format":"standard","meta":{"footnotes":""},"categories":[1],"tags":[],"class_list":["post-3535","post","type-post","status-publish","format-standard","hentry","category-manolo-garcia"],"_links":{"self":[{"href":"https:\/\/www.manologarciaycia.com\/index.php?rest_route=\/wp\/v2\/posts\/3535","targetHints":{"allow":["GET"]}}],"collection":[{"href":"https:\/\/www.manologarciaycia.com\/index.php?rest_route=\/wp\/v2\/posts"}],"about":[{"href":"https:\/\/www.manologarciaycia.com\/index.php?rest_route=\/wp\/v2\/types\/post"}],"author":[{"embeddable":true,"href":"https:\/\/www.manologarciaycia.com\/index.php?rest_route=\/wp\/v2\/users\/2"}],"replies":[{"embeddable":true,"href":"https:\/\/www.manologarciaycia.com\/index.php?rest_route=%2Fwp%2Fv2%2Fcomments&post=3535"}],"version-history":[{"count":1,"href":"https:\/\/www.manologarciaycia.com\/index.php?rest_route=\/wp\/v2\/posts\/3535\/revisions"}],"predecessor-version":[{"id":3536,"href":"https:\/\/www.manologarciaycia.com\/index.php?rest_route=\/wp\/v2\/posts\/3535\/revisions\/3536"}],"wp:attachment":[{"href":"https:\/\/www.manologarciaycia.com\/index.php?rest_route=%2Fwp%2Fv2%2Fmedia&parent=3535"}],"wp:term":[{"taxonomy":"category","embeddable":true,"href":"https:\/\/www.manologarciaycia.com\/index.php?rest_route=%2Fwp%2Fv2%2Fcategories&post=3535"},{"taxonomy":"post_tag","embeddable":true,"href":"https:\/\/www.manologarciaycia.com\/index.php?rest_route=%2Fwp%2Fv2%2Ftags&post=3535"}],"curies":[{"name":"wp","href":"https:\/\/api.w.org\/{rel}","templated":true}]}}