{"id":3533,"date":"2012-06-14T09:15:31","date_gmt":"2012-06-14T07:15:31","guid":{"rendered":"http:\/\/www.manologarciaycia.com\/?p=3533"},"modified":"2012-06-14T09:15:31","modified_gmt":"2012-06-14T07:15:31","slug":"mg-la-musica-en-directo-inunda-albacete-en-junio","status":"publish","type":"post","link":"https:\/\/www.manologarciaycia.com\/?p=3533","title":{"rendered":"MG: La m\u00fasica en directo inunda Albacete en junio"},"content":{"rendered":"<p>La temporada estival trae consigo m\u00fasica en directo y distintos espect\u00e1culos para todos los p\u00fablicos en la capital. De este modo, una de las citas m\u00e1s importantes llega ese fin de semana con el concierto de <b>Manolo Garc\u00eda<\/b> en la Caseta de los Jardinillos, dentro de la programaci\u00f3n de San Juan. De forma previa, la Banda Sinf\u00f3nica Municipal contin\u00faa con los conciertos de verano, cada jueves, en el Templete del Parque Aberlardo S\u00e1nchez, En esta ocasi\u00f3n, el concierto de ma\u00f1ana estar\u00e1 dedicado a los m\u00e1s peque\u00f1os, bajo el t\u00edtulo La banda con los ni\u00f1os y con la colaboraci\u00f3n de la soprano Mar\u00eda Majuelos.<\/p>\n<p>El viernes, una comedia musical basada en la d\u00e9cada de los 60 aterrizar\u00e1 en Chinchilla. Hair recuerda la revoluci\u00f3n de una generaci\u00f3n en contra de la guerra de Vietnam, armada tan solo de ilusiones en un musical con mucho rock, en el auditorio  de Chinchilla a las 21.00 horas. Mientras, David Moya ofrece un concierto en el teatro Candilejas, a las 22.00 horas. Y durante el fin de semana, La Roda ser\u00e1 protagonista ya que se celebra el tradicional Festival de los Sentidos. En la cabeza del cartel, actuar\u00e1 Kiko Veneno, Second y Sidonie, entre otras formaciones.<\/p>\n<p>Fuente: El Pueblo de Albacete<\/p>\n","protected":false},"excerpt":{"rendered":"<p>La temporada estival trae consigo m\u00fasica en directo y distintos espect\u00e1culos para todos los p\u00fablicos en la capital. De este modo, una de las citas m\u00e1s importantes llega ese fin de semana con el concierto de Manolo Garc\u00eda en la Caseta de los Jardinillos, dentro de la programaci\u00f3n de San Juan. De forma previa, la<a class=\"moretag\" href=\"https:\/\/www.manologarciaycia.com\/?p=3533\" title=\"MG: La m\u00fasica en directo inunda Albacete en junio\" target=\"_self\" rel=\"follow\"> <font face=arial size=2>[Leer m\u00e1s]<\/font> <\/a><\/p>\n","protected":false},"author":2,"featured_media":0,"comment_status":"closed","ping_status":"closed","sticky":false,"template":"","format":"standard","meta":{"footnotes":""},"categories":[1],"tags":[],"class_list":["post-3533","post","type-post","status-publish","format-standard","hentry","category-manolo-garcia"],"_links":{"self":[{"href":"https:\/\/www.manologarciaycia.com\/index.php?rest_route=\/wp\/v2\/posts\/3533","targetHints":{"allow":["GET"]}}],"collection":[{"href":"https:\/\/www.manologarciaycia.com\/index.php?rest_route=\/wp\/v2\/posts"}],"about":[{"href":"https:\/\/www.manologarciaycia.com\/index.php?rest_route=\/wp\/v2\/types\/post"}],"author":[{"embeddable":true,"href":"https:\/\/www.manologarciaycia.com\/index.php?rest_route=\/wp\/v2\/users\/2"}],"replies":[{"embeddable":true,"href":"https:\/\/www.manologarciaycia.com\/index.php?rest_route=%2Fwp%2Fv2%2Fcomments&post=3533"}],"version-history":[{"count":1,"href":"https:\/\/www.manologarciaycia.com\/index.php?rest_route=\/wp\/v2\/posts\/3533\/revisions"}],"predecessor-version":[{"id":3534,"href":"https:\/\/www.manologarciaycia.com\/index.php?rest_route=\/wp\/v2\/posts\/3533\/revisions\/3534"}],"wp:attachment":[{"href":"https:\/\/www.manologarciaycia.com\/index.php?rest_route=%2Fwp%2Fv2%2Fmedia&parent=3533"}],"wp:term":[{"taxonomy":"category","embeddable":true,"href":"https:\/\/www.manologarciaycia.com\/index.php?rest_route=%2Fwp%2Fv2%2Fcategories&post=3533"},{"taxonomy":"post_tag","embeddable":true,"href":"https:\/\/www.manologarciaycia.com\/index.php?rest_route=%2Fwp%2Fv2%2Ftags&post=3533"}],"curies":[{"name":"wp","href":"https:\/\/api.w.org\/{rel}","templated":true}]}}