{"id":3531,"date":"2012-06-14T08:56:43","date_gmt":"2012-06-14T06:56:43","guid":{"rendered":"http:\/\/www.manologarciaycia.com\/?p=3531"},"modified":"2012-06-14T08:56:43","modified_gmt":"2012-06-14T06:56:43","slug":"qp-entrevista-a-quimi-portet","status":"publish","type":"post","link":"https:\/\/www.manologarciaycia.com\/?p=3531","title":{"rendered":"QP: Entrevista a Quimi Portet"},"content":{"rendered":"<p><img loading=\"lazy\" decoding=\"async\" class=\"alignleft\" src=\"http:\/\/4.bp.blogspot.com\/-sTFG9v7tklw\/T9jOQdC1w_I\/AAAAAAAAAOI\/SLEAk13nJss\/s1600\/Xavi+Merc__.jpg\" alt=\"\" width=\"306\" height=\"461\" \/> Quimi Portet,es uno de los m\u00fasicos m\u00e1s veteranos de la escena Catalana junto con Adri\u00e0 Punti o Albert Pl\u00e1.Form\u00f3 parte de uno de los grupos m\u00e1s importantes de la historia de la m\u00fasica:El \u00daltimo de la Fila.Haciendo un repaso por su extensa carrera,esto fue lo que nos cont\u00f3 el veterano guitarrista&#8230;<\/p>\n<p><b>\u00bfQu\u00e9 proyectos tienes en mente en estos instantes?<\/b><br \/>\nActualmente estamos haciendo conciertos de presentaci\u00f3n del nuevo trabajo,\u00bbOh My Love\u00bb; esa actividad ocupa todo nuestro tiempo y es muy dif\u00edcil compaginarlo con otros proyectos. Cuando este periodo se acabe, nos plantearemos, si Dios quiere, otros proyectos.<\/p>\n<p><b>\u00bfQu\u00e9 recuerdos tienes de grupos que has formado parte a lo largo de tu carrera como son Los Burros,Los r\u00e1pidos,o El \u00daltimo de la Fila?<\/b><br \/>\nDe todos los grupos que nombr\u00e1is tengo unos recuerdos magn\u00edficos, si bien es cierto que con \u00abEl \u00daltimo\u2026\u00bb llegamos a tener una plenitud tanto en el aspecto profesional como en el comercial que hacen que ese proyecto sea especial.<\/p>\n<p> Fuente: El Hombre Percha &#8211; <a href='http:\/\/elblogdeelhombrepercha.blogspot.com.es\/2012\/06\/entrevista-quimi-portet.html' target=_new>ENLACE<\/a> Foto de Xavi Mercad\u00e9.<br \/>\n<b>\u00bfC\u00f3mo es trabajar para Albert Pla?<\/b><br \/>\nTrabajar con Albert es un placer en todos los sentidos. Me encantan su m\u00fasica y sus textos. Por otra parte es un buen amigo con el cual puedo compartir muchas cosas mas all\u00e1 de lo estrictamente profesional.<\/p>\n<p><b>\u00bfFue duro emprender carrera en solitario despu\u00e9s de pasar por uno de los grupos m\u00e1s importantes que ha dado la m\u00fasica como es El \u00daltimo de la Fila?<\/b><br \/>\nUn poco. Fue casi como volver a partir de cero; m\u00e1xime considerando que mi propuesta en solitario era bastante diferente de la propuesta de \u00abEl \u00daltimo\u2026\u00bbpero eso hac\u00eda que el proyecto me resultara todav\u00eda m\u00e1s atractivo. Ahora que ya llevo ocho discos en solitario lo veo como si lo hubiera hecho desde que empec\u00e9.<\/p>\n<p><b>\u00bfComo es el proceso de selecci\u00f3n a la hora de elegir si una canci\u00f3n ser\u00e1 cantada en castellano o en Catal\u00e1?<\/b><br \/>\nEn mi caso es muy f\u00e1cil. Cuando la canci\u00f3n es para cantarla yo, la escribo en Catal\u00e1n. Creo que la mayor\u00eda de los cantantes del mundo se sienten m\u00e1s c\u00f3modos cantando en su lengua.<\/p>\n<p><b>\u00bfAlguna vez te ha tratado la prensa de forma injusta por cantar en Catal\u00e1?<\/b><br \/>\nQue yo sepa, no.<\/p>\n<p><b>\u00bfQu\u00e9 es para ti ser un astro intercomarcal?<\/b><br \/>\nEse es un calificativo humor\u00edstico que nos inventamos hace a\u00f1os. Un intento de desdramatizar y re\u00edrse un poco del endiosamiento y la vanidad generalmente asociados con el m\u00fasico pop que consigue cierto \u00e9xito. Todav\u00eda lo uso. Tambi\u00e9n me gusta mucho \u00abArtista local\u00bb.<\/p>\n<p><b>\u00bfFueron para ti una gran influencia Els Setze Jutges?<\/b><br \/>\nEn la \u00e9poca de \u00abEls Setze Jutges\u00bb yo era muy joven y estaba m\u00e1s interesado por la m\u00fasica anglosajona que por los cantautores de la \u00e9poca. De m\u00e1s mayor me ha interesado mucho ese movimiento y muchos de sus autores aunque debo confesar que, procediendo del \u00e1mbito del rock, siempre estuve m\u00e1s cerca de los cantautores m\u00e1s gal\u00e1cticos como Sisa o Pau Riba.<\/p>\n<p><b>\u00bfC\u00f3mo fue la gira con Ruper Ordorika?<\/b><br \/>\nRuper y yo somos amigos desde los ochenta. Es un artista fuera de serie. Todas las experiencias que he vivido con \u00e9l han sido excepcionales.<\/p>\n<p><b>\u00bfQu\u00e9 nos puedes contar de Diari d&#8217;un astre intercomarcal?<\/b><br \/>\nUn editor, obviamente muy buena persona, consider\u00f3 que se pod\u00eda hacer un libro con el material,m\u00e1s bien inconexo y un tanto delirante.que, hace unos a\u00f1os,public\u00e1bamos en mi blog. El resultado es ese op\u00fasculo.<\/p>\n<p><b>\u00bfAlg\u00fan d\u00eda volver\u00e1 El \u00daltimo de la Fila?<\/b><br \/>\nNo lo creo. Tanto Manolo como yo mismo nos sentimos, creo, plenamente confortables con nuestras carreras en solitario. Lo que ten\u00edamos que hacer juntos, ya lo hicimos y fue un placer en todos los sentidos.<\/p>\n<p><b>\u00bfQu\u00e9 tal esta resultando la presentaci\u00f3n de \u00abOh My Love\u00bb?<\/b><br \/>\nAgradabil\u00edsima. Tengo la suerte de subir al escenario con un grupo con el que me divierto much\u00edsimo y como hacemos con cada disco publicado haremos unos cuantos conciertos para presentar el material en directo.<\/p>\n<p><b>\u00bfQu\u00e9 recuerdos quedan de tu paso en la ni\u00f1ez por la Tuna?<\/b><br \/>\nEn los a\u00f1os sesenta del siglo pasado no era f\u00e1cil que \u00e1lguien te ense\u00f1ara a tocar la guitarra. Yo ten\u00eda once a\u00f1os. En cuanto fui capaz de tocar tres acordes, lo dej\u00e9 y empec\u00e9 a intentar tocar canciones de los Rolling Stones con otros amiguitos.Esa fue mi verdadera escuela, los discos.<\/p>\n<p><b>\u00bfCon el dinero conseguido durante estos a\u00f1os, te has podido comprar alguna de tus ansiadas motos?<\/b><br \/>\nTengo una moto y viajar con ella es uno de los placeres que m\u00e1s me satisfacen.<\/p>\n<p><b>\u00bfQu\u00e9 nos puedes contar de el concierto de Las Jornadas Libertarias del 76?<\/b><br \/>\nQue yo tenia dieciocho a\u00f1os y ya tocaba en un \u00abconjunto\u00bb. No recuerdo gran cosa m\u00e1s.<\/p>\n<p><b>\u00bfUn disco de toda tu trayectoria que salvar\u00edas de un incendio?<\/b><br \/>\nA mi, si me permit\u00eds la inmodestia, me impresionan todav\u00eda los tres discos en solitario de Adri\u00e0 Punt\u00ed y que tuve la suerte de producir. Quiz\u00e1 soy demasiado impresionable.<\/p>\n<p><b>\u00bfCu\u00e1l ha sido la lecci\u00f3n m\u00e1s importante que te ha dado la m\u00fasica a lo largo de todos estos a\u00f1os?<\/b><br \/>\nAntes me gustaba m\u00e1s la m\u00fasica, ahora me gustan m\u00e1s los m\u00fasicos. Gremio democr\u00e1tico, alegre y vitalista por excelencia.<\/p>\n<p><b>Si tuvieses 15 a\u00f1os en la actualidad y contando con las dificultades que tienen los grupos noveles para empezar a rodar, \u00bfVolver\u00edas a intentarlo?<\/b><br \/>\nNo lo s\u00e9. Si tuviese quince a\u00f1os actualmente ser\u00eda, creo muy diferente.<\/p>\n<p><b>\u00bfC\u00f3mo logra un m\u00fasico de tu categor\u00eda lidiar con momentos en los que apenas hay dinero a la hora de tocar, con los momentos de grandeza en los que todo marcha bien?<\/b><br \/>\nEl ser humano est\u00e1 sobradamente preparado para adaptarse a un gran n\u00famero de situaciones coyunturales. Creo,que yo tambi\u00e9n.<\/p>\n<p><b>\u00bfLo pasaste mal cu\u00e1ndo tuviste que recoger patatas porque la m\u00fasica no te daba lo suficiente para llegar a fin de mes?<\/b><br \/>\nNo, en absoluto. Hasta los treinta a\u00f1os compagin\u00e9 unas cuantas profesiones con mi actividad de m\u00fasico m\u00e1s o menos \u00abamateur\u00bb. En todas ellas lo hice lo mejor que pude. Fui educado para ser puntual, responsable y trabajador y creo que siempre lo he sido.<\/p>\n<p><b>\u00bfPrefieres producir o ser un m\u00fasico dentro de la banda?<\/b><br \/>\nSi hay buena m\u00fasica y buenos m\u00fasicos, me siento siempre c\u00f3modo.<\/p>\n<p><b>\u00bfCu\u00e1nto pesan los a\u00f1os?<\/b><br \/>\nTengo cincuenta y cuatro a\u00f1os. No puedo negar que para ciertas cosas los a\u00f1os pesan pero para algunos aspectos de la vida los a\u00f1os producen una forma de ingravidez agradabil\u00edsima.<\/p>\n<p><b>\u00bfCrees que la vida ha sido justa contigo?<\/b><br \/>\nCreo que he sido una persona afortunada en el terreno profesional (y en otros).<\/p>\n<p><b>El d\u00eda en que dejes este mundo, \u00bfQu\u00e9 te gustar\u00eda que la gente recordase de ti?<\/b><br \/>\nNo me lo he planteado. Mi vanidad no llega a esos extremos.<\/p>\n<p><b>\u00bfQu\u00e9 grupos actuales son los que llaman m\u00e1s tu atenci\u00f3n?<\/b><br \/>\nMuchos, Adri\u00e0 Punt\u00ed, Ant\u00f2nia Font, Mishima, La Iaia, Love of Lesbian, Roger Mas\u2026 y me dejo muchos.<\/p>\n<p><b>\u00bfQu\u00e9 nos puedes contar de Quisso Records?<\/b><br \/>\nEs nuestro propio sello. Se encarga de toda la parte art\u00edstica del disco que luego edita y distribuye M\u00fasica Global.<\/p>\n<p><b>\u00bfCrees que el panorama musical Catal\u00e1n goza de buena salud con la importaci\u00f3n de grupos como Love of Lesbian, Mendetz o Ant\u00f2nia Font?<\/b><br \/>\nYo creo que s\u00ed.<\/p>\n<p><b>Love of Lesbian te dej\u00f3 esta pregunta tras su paso por el Blog:\u00bfQu\u00e9 puedo hacer para mont\u00e1rmelo igual de bien que t\u00fa, Quimi?<\/b><br \/>\nLo ten\u00e9is todo; incluso, y eso es lo mas dif\u00edcil, el f\u00edsico ;)<\/p>\n<p><b>El grupo de m\u00fasica electr\u00f3nica D-boot,nos dej\u00f3 esta pregunta para ti tras su paso por el Blog: \u00bfColaborarias con D-BOOT?<\/b><br \/>\nSi es para un proyecto musical, s\u00ed. Si es para alguna otra actividad, depende.<\/p>\n<p><b>\u00bfA qui\u00e9n te gustar\u00eda que tuvi\u00e9semos la oportunidad de entrevistar en nuestro Blog?<\/b><br \/>\nAnt\u00f2nia Font.<\/p>\n<p><b>Una pregunta que le har\u00edas al pr\u00f3ximo invitado\u2026<\/b><br \/>\nNo se me ocurre nada.<\/p>\n<p><b>\u00bfPuedes enviarnos un saludo?<\/b><br \/>\nUn saludo cordial\u00edsimo al Hombre Percha y a su distinguida audiencia.<\/p>\n<p>Fuente: El Hombre Percha &#8211; <a href='http:\/\/elblogdeelhombrepercha.blogspot.com.es\/2012\/06\/entrevista-quimi-portet.html' target=_new>ENLACE<\/a> Foto de Xavi Mercad\u00e9.<\/p>\n","protected":false},"excerpt":{"rendered":"<p>Quimi Portet,es uno de los m\u00fasicos m\u00e1s veteranos de la escena Catalana junto con Adri\u00e0 Punti o Albert Pl\u00e1.Form\u00f3 parte de uno de los grupos m\u00e1s importantes de la historia de la m\u00fasica:El \u00daltimo de la Fila.Haciendo un repaso por su extensa carrera,esto fue lo que nos cont\u00f3 el veterano guitarrista&#8230; \u00bfQu\u00e9 proyectos tienes en<a class=\"moretag\" href=\"https:\/\/www.manologarciaycia.com\/?p=3531\" title=\"QP: Entrevista a Quimi Portet\" target=\"_self\" rel=\"follow\"> <font face=arial size=2>[Leer m\u00e1s]<\/font> <\/a><\/p>\n","protected":false},"author":2,"featured_media":0,"comment_status":"closed","ping_status":"closed","sticky":false,"template":"","format":"standard","meta":{"footnotes":""},"categories":[9],"tags":[],"class_list":["post-3531","post","type-post","status-publish","format-standard","hentry","category-qumi-portet"],"_links":{"self":[{"href":"https:\/\/www.manologarciaycia.com\/index.php?rest_route=\/wp\/v2\/posts\/3531","targetHints":{"allow":["GET"]}}],"collection":[{"href":"https:\/\/www.manologarciaycia.com\/index.php?rest_route=\/wp\/v2\/posts"}],"about":[{"href":"https:\/\/www.manologarciaycia.com\/index.php?rest_route=\/wp\/v2\/types\/post"}],"author":[{"embeddable":true,"href":"https:\/\/www.manologarciaycia.com\/index.php?rest_route=\/wp\/v2\/users\/2"}],"replies":[{"embeddable":true,"href":"https:\/\/www.manologarciaycia.com\/index.php?rest_route=%2Fwp%2Fv2%2Fcomments&post=3531"}],"version-history":[{"count":1,"href":"https:\/\/www.manologarciaycia.com\/index.php?rest_route=\/wp\/v2\/posts\/3531\/revisions"}],"predecessor-version":[{"id":3532,"href":"https:\/\/www.manologarciaycia.com\/index.php?rest_route=\/wp\/v2\/posts\/3531\/revisions\/3532"}],"wp:attachment":[{"href":"https:\/\/www.manologarciaycia.com\/index.php?rest_route=%2Fwp%2Fv2%2Fmedia&parent=3531"}],"wp:term":[{"taxonomy":"category","embeddable":true,"href":"https:\/\/www.manologarciaycia.com\/index.php?rest_route=%2Fwp%2Fv2%2Fcategories&post=3531"},{"taxonomy":"post_tag","embeddable":true,"href":"https:\/\/www.manologarciaycia.com\/index.php?rest_route=%2Fwp%2Fv2%2Ftags&post=3531"}],"curies":[{"name":"wp","href":"https:\/\/api.w.org\/{rel}","templated":true}]}}