{"id":3529,"date":"2012-06-13T15:50:29","date_gmt":"2012-06-13T13:50:29","guid":{"rendered":"http:\/\/www.manologarciaycia.com\/?p=3529"},"modified":"2012-06-13T15:50:29","modified_gmt":"2012-06-13T13:50:29","slug":"mg-mas-de-una-veintena-de-cantantes-regala-solidaridad-en-valladolid-a-traves-de-la-exposicion-voces-que-pintan","status":"publish","type":"post","link":"https:\/\/www.manologarciaycia.com\/?p=3529","title":{"rendered":"MG: M\u00e1s de una veintena de cantantes regala solidaridad en Valladolid a trav\u00e9s de la exposici\u00f3n &#8216;Voces que pintan&#8217;"},"content":{"rendered":"<p>Organizada en el marco del festival &#8216;Valladolid Latino&#8217;, recaudar\u00e1 fondos para llevar luz e Internet a 60.000 escuelas de Iberoam\u00e9rica. Un total de veinticuatro cantantes de primera fila, entre ellos Alejandro Sanz, Manolo Garc\u00eda, Aute, Ana Torroja, Leire Mart\u00ednez, Fito Cabrales y Miguel Bos\u00e9, ha cambiado puntualmente la m\u00fasica por los pinceles con el fin de ceder gratuitamente sus respectivas obras pict\u00f3ricas que conforman la exposici\u00f3n itinerante &#8216;Voces que pintan&#8217;, inaugurada hoy en Valladolid con el fin de recaudar fondos destinados a llevar luz e Internet a miles de escuelas en Iberoam\u00e9rica.<\/p>\n<p>A los artistas ya citados se han unido \u00c1lex Ubago, Cifu (Celtas Cortos), David Bustamante, David Otero (El Pescao), Diego Vasallo, Dyango, Fortu (Obus), La Shica, Lolita Flores, Mago de Oz (Txus y Fran), Mikel Erentxun, Miguel Campello (El Bicho), Paloma San Basilio, Pau Rib\u00e1 (Pastora), Rosendo, Sole Gim\u00e9nez y Toni Zenet, cuyas obras completan esta muestra impulsada por la ONG &#8216;Voces&#8217;, comprometida en la lucha contra la pobreza infantil, y que ha sido organizada como actividad paralela del festival &#8216;Valladolid Latino&#8217; que se celebrar\u00e1 el pr\u00f3ximo d\u00eda 7 de julio.<\/p>\n<p>\nEn colaboraci\u00f3n con el Ayuntamiento de Valladolid, esta exposici\u00f3n solidaria tendr\u00e1 por escenario, hasta el pr\u00f3ximo d\u00eda 24 de junio, la Sala Cero del Museo Patio Herreriano, donde las personas interesadas en disfrutar de la obra pict\u00f3rica de los artistas participantes tendr\u00e1n la posibilidad de contribuir con 1 euro a sufragar la llegada de luz e Internet a 60.000 escuelas de Iberoam\u00e9rica y ello, adem\u00e1s, les dar\u00e1 derecho a visitar todas las salas del espacio muse\u00edstico.<\/p>\n<p>Durante la presentaci\u00f3n, acto que ha contado con la presencia, entre otros, del alcalde, Francisco Javier Le\u00f3n de la Riva; el director general de Voces, Juan Mer\u00edn, y la vocal del grupo La Oreja de Van Gogh, Leire Mart\u00ednez, esta \u00faltima, en declaraciones recogidas por Europa Press, ha expresado su satisfacci\u00f3n y la del resto de artistas por haber podido participar en un proyecto de esta naturaleza, a pesar de que en su caso la pintura no sea una disciplina en la que se mueva con tanta soltura.<\/p>\n<p>PROYECTO IRRENUNCIABLE<\/p>\n<p>\u00abMi obra es m\u00e1s curiosa y divertida que art\u00edstica. Es el primer cuadro que realizo y, por tanto, ya me puedo morir tranquila\u00bb, ha explicado con humor la cantante, quien ha insistido en que ante proyectos de este tipo es imposible decir que no.<\/p>\n<p>Por su parte, el responsable de &#8216;Voces&#8217;, Juan Mer\u00edn, cuya organizaci\u00f3n lucha contra la pobreza que afecta especialmente a la infancia, con la fuerza transformadora del arte y la cultura, llevando a cabo proyectos de sensibilizaci\u00f3n y de cooperaci\u00f3n al desarrollo en Espa\u00f1a y en pa\u00edses en v\u00edas de desarrollo, ha subrayado la \u00absingularidad\u00bb de la exposici\u00f3n, que tendr\u00e1 un car\u00e1cter itinerante&#8211;la pr\u00f3xima parada ser\u00e1 en Madrid&#8211;y que concluir\u00e1, espera que en Valladolid, con una subasta de las obras que la conforman para lograr incrementar la recaudaci\u00f3n solidaria destinada a Iberoam\u00e9rica.<\/p>\n<p>Considerada la regi\u00f3n m\u00e1s desigual del mundo, en Iberoam\u00e9rica m\u00e1s de 60.000 escuelas no disponen de electricidad. La mayor\u00eda de estos centros se encuentran en zonas rurales y desfavorecidas, de dif\u00edcil acceso.<\/p>\n<p>El programa pretende aportar los recursos suficientes para que cada una de las escuelas tenga luz el\u00e9ctrica gracias a la instalaci\u00f3n de paneles solares. Adem\u00e1s pretende reducir la brecha digital, facilitando el acceso de las comunidades rurales y aisladas a las tecnolog\u00edas de la comunicaci\u00f3n, con el fin de favorecer su progreso e interacci\u00f3n con comunidades vecinas y lejanas del pa\u00eds.<\/p>\n<p>Fuente: EuropaPress &#8211; <a href='http:\/\/www.europapress.es\/castilla-y-leon\/noticia-mas-veintena-cantantes-regala-solidaridad-valladolid-traves-exposicion-voces-pintan-20120613145827.html' target=_new>ENLACE<\/a><\/p>\n","protected":false},"excerpt":{"rendered":"<p>Organizada en el marco del festival &#8216;Valladolid Latino&#8217;, recaudar\u00e1 fondos para llevar luz e Internet a 60.000 escuelas de Iberoam\u00e9rica. Un total de veinticuatro cantantes de primera fila, entre ellos Alejandro Sanz, Manolo Garc\u00eda, Aute, Ana Torroja, Leire Mart\u00ednez, Fito Cabrales y Miguel Bos\u00e9, ha cambiado puntualmente la m\u00fasica por los pinceles con el fin<a class=\"moretag\" href=\"https:\/\/www.manologarciaycia.com\/?p=3529\" title=\"MG: M\u00e1s de una veintena de cantantes regala solidaridad en Valladolid a trav\u00e9s de la exposici\u00f3n &#8216;Voces que pintan&#8217;\" target=\"_self\" rel=\"follow\"> <font face=arial size=2>[Leer m\u00e1s]<\/font> <\/a><\/p>\n","protected":false},"author":2,"featured_media":0,"comment_status":"closed","ping_status":"closed","sticky":false,"template":"","format":"standard","meta":{"footnotes":""},"categories":[1],"tags":[],"class_list":["post-3529","post","type-post","status-publish","format-standard","hentry","category-manolo-garcia"],"_links":{"self":[{"href":"https:\/\/www.manologarciaycia.com\/index.php?rest_route=\/wp\/v2\/posts\/3529","targetHints":{"allow":["GET"]}}],"collection":[{"href":"https:\/\/www.manologarciaycia.com\/index.php?rest_route=\/wp\/v2\/posts"}],"about":[{"href":"https:\/\/www.manologarciaycia.com\/index.php?rest_route=\/wp\/v2\/types\/post"}],"author":[{"embeddable":true,"href":"https:\/\/www.manologarciaycia.com\/index.php?rest_route=\/wp\/v2\/users\/2"}],"replies":[{"embeddable":true,"href":"https:\/\/www.manologarciaycia.com\/index.php?rest_route=%2Fwp%2Fv2%2Fcomments&post=3529"}],"version-history":[{"count":1,"href":"https:\/\/www.manologarciaycia.com\/index.php?rest_route=\/wp\/v2\/posts\/3529\/revisions"}],"predecessor-version":[{"id":3530,"href":"https:\/\/www.manologarciaycia.com\/index.php?rest_route=\/wp\/v2\/posts\/3529\/revisions\/3530"}],"wp:attachment":[{"href":"https:\/\/www.manologarciaycia.com\/index.php?rest_route=%2Fwp%2Fv2%2Fmedia&parent=3529"}],"wp:term":[{"taxonomy":"category","embeddable":true,"href":"https:\/\/www.manologarciaycia.com\/index.php?rest_route=%2Fwp%2Fv2%2Fcategories&post=3529"},{"taxonomy":"post_tag","embeddable":true,"href":"https:\/\/www.manologarciaycia.com\/index.php?rest_route=%2Fwp%2Fv2%2Ftags&post=3529"}],"curies":[{"name":"wp","href":"https:\/\/api.w.org\/{rel}","templated":true}]}}