{"id":3525,"date":"2012-06-10T08:24:00","date_gmt":"2012-06-10T06:24:00","guid":{"rendered":"http:\/\/www.manologarciaycia.com\/?p=3525"},"modified":"2012-06-10T08:25:07","modified_gmt":"2012-06-10T06:25:07","slug":"mg-producir-mi-disco-es-una-pequena-venganza-hacia-las-discograficas-un-artista-necesita-calma-para-crear-sus-obras","status":"publish","type":"post","link":"https:\/\/www.manologarciaycia.com\/?p=3525","title":{"rendered":"MG: \u00abProducir mi disco es una peque\u00f1a venganza hacia las discogr\u00e1ficas. Un artista necesita calma para crear sus obras\u00bb"},"content":{"rendered":"<p><img loading=\"lazy\" decoding=\"async\" class=\"alignright\" src=\"http:\/\/www.laverdad.es\/murcia\/prensa\/noticias\/201206\/10\/fotos\/10763809.jpg\" alt=\"\" width=\"300\" height=\"268\" \/> El catal\u00e1n presenta su disco &#8216;Los d\u00edas intactos&#8217; en la Rotonda del Parque Municipal de Elche, el pr\u00f3ximo viernes.<\/p>\n<p>Ha llovido mucho desde que un jovencito cantaba con un peculiar voz en El \u00daltimo de la Fila. M\u00e1s ha llovido todav\u00eda desde aquellos primeros Los R\u00e1pidos y Los burros. M\u00e1s de treinta a\u00f1os de carrera, de los que los catorce \u00faltimos han sido recorridos en solitario. Canciones de lucha social, de amor, del paso de tiempo. Canciones de vida, en definitiva, escritas e interpretadas desde ese casi costumbrismo musical plagado de met\u00e1foras con las que se expresa el artista. Esta \u00faltima frase, quitando la palabra &#8216;musical&#8217; estar\u00eda m\u00e1s cerca de definir a un artista pl\u00e1stico. Y no es casualidad. Manolo Garc\u00eda es un amante de la pintura y ha realizado varias exposiciones, aunque se considera amateur en esta faceta. Una figura musical con personalidad, con pasado, presente y futuro.<\/p>\n<p><b>-Viene a Elche a presentar su \u00faltimo trabajo, &#8216;Los d\u00edas intactos&#8217;, inmerso en una gira por teatros. \u00bfQu\u00e9 concierto podr\u00e1n ver sus seguidores?<\/b><br \/>\n-Es el primer concierto que har\u00e9 tras someterme a una operaci\u00f3n de apendicitis. He estado un mes apartado de los escenarios por lo que en Elche har\u00e9 algo as\u00ed como una &#8216;reentrada&#8217;. Por eso tengo muchas ganas. Vuelvo muy animado y estar\u00e9 all\u00ed dos d\u00edas antes para ensayar y ponerme a punto. Sobre el repertorio, solemos tocar unas nueve o diez canciones del \u00faltimo disco y repasamos otras cinco o seis de las cl\u00e1sicas de otros \u00e1lbumes.<\/p>\n<p><b>-\u00bfQu\u00e9 aporta de nuevo con &#8216;Los d\u00edas intactos&#8217;?<\/b><br \/>\n-No sabr\u00eda decir con certeza que aporta el \u00e1lbum, porque ser\u00eda juez y parte. Pero intentando hacer un an\u00e1lisis desde fuera dir\u00eda que es un disco m\u00e1s roquero que otros, como cuando viajaba por Grecia o Brasil y hac\u00eda m\u00e1s mestizaje, tomando instrumentos y ritmos de esos pa\u00edses. Para hacer este disco he tardado dos a\u00f1os, por lo que he estado m\u00e1s calmado. Al producirlo yo, no tengo calendarios ni fechas por cumplir. Lo he hecho y publicado cuando he querido y por eso me ha salido m\u00e1s calmado.<\/p>\n<p><b>-\u00bfLe ha aportado mucha calma la producci\u00f3n propia?<\/b><br \/>\n-Hay distintas etapas en la vida musical de un artista. Los primeros a\u00f1os, cuando trabajas junto a una discogr\u00e1fica, hay m\u00e1s urgencias. Si va bien un artista, te exigen otro disco y te acaban por quemar. Creo que para cualquier creador, es m\u00e1s importante el resultado final de la obra que el tiempo en hacerla. Ha sido como una peque\u00f1a venganza a a\u00f1os de vasallaje. Ahora he ido a mi bola. A la historia de la m\u00fasica pasa un uno por ciento de las canciones y no depende del trabajo. Pero creo que la manera de mostrar lo mejor de cada uno es trabajar sin prisa para lo que haces.<\/p>\n<p><b>-Esa calma e independencia le ha calmado. \u00bfNo ser\u00eda momento de hacer m\u00fasica m\u00e1s cr\u00edtica ante el contexto social y econ\u00f3mico que se est\u00e1 viviendo?<\/b><br \/>\n-Hay mucha rabia. El pueblo llano est\u00e1 pagando el pato de la mala gesti\u00f3n pol\u00edtica. Los hijos de vecino sufren los recortes de unos gobiernos que dejan atr\u00e1s la sanidad, la educaci\u00f3n y los derechos por los que nuestros mayores pelearon toda su vida con sudor y l\u00e1grimas. Es momento para esa m\u00fasica y algunas canciones del disco lo reflejan, pero mi tono musical, en general, ha sido m\u00e1s calmado.<\/p>\n<p><b>-\u00bfTiene la sensaci\u00f3n de que canciones como &#8216;Insurreci\u00f3n&#8217;, cuya letra vuelve a tener sentido, se aprecian de forma distinta a hace 25 a\u00f1os?<\/b><br \/>\n-Hoy en d\u00eda hay mucha oferta musical. Todo cambia. En los a\u00f1os setenta hab\u00eda artistas como Jimmy Hendrix, Jannis Joplin, los Who, Pink Floyd, que se segu\u00edan con mucha fuerza. Pero era otro mundo, porque todo cambia. Ahora la m\u00fasica se ha banalizado, porque la oferta l\u00fadica es muy grande, algo que para m\u00ed es cuestionable. Antes, ir a un concierto era una acci\u00f3n de culto. La gente iba a un concierto o dos al a\u00f1o y era una fecha especial. Ahora, pudiendo ir a uno casi todas las semanas, pierden valor. Adem\u00e1s, que haya tanta oferta, ha provocado que se merme la innovaci\u00f3n, como por ejemplo y sin ofender a nadie, solo hay que ver en general la m\u00fasica &#8216;indie&#8217;.<\/p>\n<p><b>-\u00bfCree que pese a estar de moda, el &#8216;indie&#8217; es un g\u00e9nero musical de baja calidad?<\/b><br \/>\n-Es muy dif\u00edcil encontrar un sonido propio y eso es lo m\u00e1s importante para un grupo, sonar con una identidad definida. Al ponerse a disposici\u00f3n de discogr\u00e1ficas, a muchos grupos les dan todo muy hecho y los ritmos est\u00e1n muy enlatados, pero creo que eso es parte de la m\u00fasica. Hay un grupo brit\u00e1nico muy famoso, que no quiero nombrar, que pese a tener mucho \u00e9xito y pese a que en los \u00faltimos a\u00f1os han cambiado un poco, me siguen recordando a los Beatles. En las \u00faltimas d\u00e9cadas, grupos como Triana marcaron su propio sello. Pero hoy, por lo general, falta m\u00e1s riesgo y hay pocos cambios.<\/p>\n<p><b>-Es usted un declarado aficionado a la pintura y ha realizado varias exposiciones. \u00bfSe ve como un artista pl\u00e1stico?<\/b><br \/>\n-Lo primero ser\u00eda decir que me considero amateur y diletante, no un profesional, porque no tengo ni galer\u00eda ni marchante. Pero es cierto que me gusta pintar. Estudi\u00e9 dise\u00f1o gr\u00e1fico y me dediqu\u00e9 unos cuantos a\u00f1os a la publicidad, pero me repel\u00eda. Es una inquietud que tengo, a la que dedico un tiempo que me sirve para compaginar con la m\u00fasica y esta combinaci\u00f3n me ayuda a trabajar mejor ambas cosas.<\/p>\n<p><b>-\u00bfSe atrever\u00eda a definirse en su estilo como pintor?<\/b><br \/>\n-Dir\u00eda que soy un pintor torturado, con toques on\u00edricos y surrealistas. Antes de esta entrevista, precisamente, estaba haciendo un dibujo en el que un torero arrodillado tiene un cuerno por brazo y el toro se parece a un escarabajo. Para m\u00ed, la Tierra es Marte, porque las cosas que hacemos, el sistema por el que no regimos los humanos, es una marcianada. Estos pensamientos me salen en la pintura y por eso los reflejo con estos estilos.<\/p>\n<p><b>-Mezclando las dos facetas. Sus letras se caracterizan por el uso de met\u00e1foras, aunque de corte m\u00e1s costumbrista que surrealista. \u00bfTienen relaci\u00f3n la m\u00fasica y la pintura en su proceso creador?<\/b><br \/>\n-En cada cosa tengo unos rituales personales distintos. No atiendo a razones, voy a la m\u00eda. Me cansa la sociedad en la que vivimos, que se conduce mediante castigos y represalias. Que te portas mal, una multa, da igual que aprendas o no. Por todo esto, intento refugiarme en libros, en amigos con los que me tomo unas anchoas, en cosas que me desconecten de la sociedad. En esta soledad que necesito y me satisface porque me siento pintor y compositor. Me sirve de contrapunto entre las disciplinas y de contrapunto porque me encuentro ante el p\u00fablico de un concierto, me siento todav\u00eda mejor y lo disfruto m\u00e1s.<\/p>\n<p><b>-Con una trayectoria de m\u00e1s de treinta a\u00f1os en la m\u00fasica, \u00bfc\u00f3mo ve el actual mercado y la influencia de internet?<\/b><br \/>\n-En el pasado, cuando se invent\u00f3 la imprenta, los amanuenses dejaron de estar en un oficio privilegiado para desaparecer. Internet deshumaniza el trabajo, como lo hicieron otros avances tecnol\u00f3gicos. En la m\u00fasica ha pasado algo parecido. Creo que el formato f\u00edsico de disco compacto est\u00e1 cerca de su fin. Pero gran parte de la culpa la ha tenido el propio mercado. Desde finales de los sesenta hasta los noventa los productores de discos eran los reyes del campo y ahora se han visto desplazados como los amanuenses. Por otro lado, est\u00e1 el tema de los creadores, donde creo que lo injusto es que han sido ninguneados. El autor de una obra cobra una mierda de lo vale. Creo que nos est\u00e1n robando, aunque reconozco que las familias a las que echan a la calle, por ejemplo viven una situaci\u00f3n desastrosa y los artistas tampoco deber\u00edamos excedernos.<\/p>\n<p><b><u>EL DISCO<\/b><\/u><br \/>\n\u00abEn &#8216;Los d\u00edas intactos&#8217; he hecho un disco m\u00e1s roquero, lejos del mestizaje de anteriores\u00bb<\/p>\n<p><b><u>LAS CANCIONES<\/b><\/u><br \/>\n\u00ab&#8217;Insurrecci\u00f3n&#8217;, pese a que la letra sigue vigente, no se escucha como se hac\u00eda hace 26 a\u00f1os\u00bb<\/p>\n<p><b><u>PINTURA<\/b><\/u><br \/>\n\u00abMe considero un diletante, con varias exposiciones, pero siendo un simple aficionado\u00bb<\/p>\n<p><b><u>DISCIPLINAS<\/b><\/u><br \/>\n\u00abCrear m\u00fasica y pintar me sirven de apoyo, cada una por su lado, para cambiar sentimientos\u00bb<\/p>\n<p><b><u>MERCADO<\/b><\/u><br \/>\n\u00abEl formato f\u00edsico est\u00e1 casi extinguido, pero internet deshumaniza a las personas\u00bb<\/p>\n<p>Fuente: La Verdad &#8211; <a href='http:\/\/www.laverdad.es\/alicante\/v\/20120610\/cultura\/producir-disco-pequena-venganza-20120610.html' target=_new>ENLACE<\/a><\/p>\n","protected":false},"excerpt":{"rendered":"<p>El catal\u00e1n presenta su disco &#8216;Los d\u00edas intactos&#8217; en la Rotonda del Parque Municipal de Elche, el pr\u00f3ximo viernes. Ha llovido mucho desde que un jovencito cantaba con un peculiar voz en El \u00daltimo de la Fila. M\u00e1s ha llovido todav\u00eda desde aquellos primeros Los R\u00e1pidos y Los burros. M\u00e1s de treinta a\u00f1os de carrera,<a class=\"moretag\" href=\"https:\/\/www.manologarciaycia.com\/?p=3525\" title=\"MG: \u00abProducir mi disco es una peque\u00f1a venganza hacia las discogr\u00e1ficas. Un artista necesita calma para crear sus obras\u00bb\" target=\"_self\" rel=\"follow\"> <font face=arial size=2>[Leer m\u00e1s]<\/font> <\/a><\/p>\n","protected":false},"author":2,"featured_media":0,"comment_status":"closed","ping_status":"closed","sticky":false,"template":"","format":"standard","meta":{"footnotes":""},"categories":[1],"tags":[],"class_list":["post-3525","post","type-post","status-publish","format-standard","hentry","category-manolo-garcia"],"_links":{"self":[{"href":"https:\/\/www.manologarciaycia.com\/index.php?rest_route=\/wp\/v2\/posts\/3525","targetHints":{"allow":["GET"]}}],"collection":[{"href":"https:\/\/www.manologarciaycia.com\/index.php?rest_route=\/wp\/v2\/posts"}],"about":[{"href":"https:\/\/www.manologarciaycia.com\/index.php?rest_route=\/wp\/v2\/types\/post"}],"author":[{"embeddable":true,"href":"https:\/\/www.manologarciaycia.com\/index.php?rest_route=\/wp\/v2\/users\/2"}],"replies":[{"embeddable":true,"href":"https:\/\/www.manologarciaycia.com\/index.php?rest_route=%2Fwp%2Fv2%2Fcomments&post=3525"}],"version-history":[{"count":3,"href":"https:\/\/www.manologarciaycia.com\/index.php?rest_route=\/wp\/v2\/posts\/3525\/revisions"}],"predecessor-version":[{"id":3527,"href":"https:\/\/www.manologarciaycia.com\/index.php?rest_route=\/wp\/v2\/posts\/3525\/revisions\/3527"}],"wp:attachment":[{"href":"https:\/\/www.manologarciaycia.com\/index.php?rest_route=%2Fwp%2Fv2%2Fmedia&parent=3525"}],"wp:term":[{"taxonomy":"category","embeddable":true,"href":"https:\/\/www.manologarciaycia.com\/index.php?rest_route=%2Fwp%2Fv2%2Fcategories&post=3525"},{"taxonomy":"post_tag","embeddable":true,"href":"https:\/\/www.manologarciaycia.com\/index.php?rest_route=%2Fwp%2Fv2%2Ftags&post=3525"}],"curies":[{"name":"wp","href":"https:\/\/api.w.org\/{rel}","templated":true}]}}