{"id":3511,"date":"2012-06-02T20:46:07","date_gmt":"2012-06-02T18:46:07","guid":{"rendered":"http:\/\/www.manologarciaycia.com\/?p=3511"},"modified":"2012-06-05T16:29:49","modified_gmt":"2012-06-05T14:29:49","slug":"mg-manolo-garcia-rompe-su-silencio","status":"publish","type":"post","link":"https:\/\/www.manologarciaycia.com\/?p=3511","title":{"rendered":"MG: Manolo Garc\u00eda rompe su silencio :-)"},"content":{"rendered":"<p>Manolo Garcia rompe su silencio despues de la operaci\u00f3n que le hizo suspender su gira. De su voz, conocemos como se encuentra y cuando volver\u00e1 de nuevo a los escenarios. Cadena Dial 2.6.2012.<\/p>\n<p>Le ha sabido muy mal tener que parar la gira, ya no por \u00e9l sino por toda la gente, todo el equipo que trabaja en el tour. Es la primera vez que Manolo Garc\u00eda ha tenido que suspender un concierto en sus m\u00e1s de 30 a\u00f1os de carrera: \u00abTengo una hoja de servicios impoluta\u00bb, bromea. El cantante asegura encontrarse bien de \u00e1nimo. \u00abPara mi lo importante es sentirte bien con uno mismo, mentalmente y si encima estas bien f\u00edsicamente pues es fant\u00e1stico\u00bb, sentencia durante su entrevista en DTC.<\/p>\n<p>Durante este tiempo ha estado pintando, aunque poco a poco est\u00e1 recuper\u00e1ndose f\u00edsicamente. Confiesa a Rafa Cano que un d\u00eda con 13 a\u00f1os se despert\u00f3 y dijo: \u00abYo quiero ser m\u00fasico\u00bb.. Y en ese empe\u00f1o sigue: \u00abPara mi es muy importante darlo todo en el escenario, el 100%. Quiero que la gente que venga a mis conciertos y disfrute. Quiero tener la suficiente energ\u00eda sobre el escenario para darme a ellos\u00bb<\/p>\n<p>Si nada lo impide, el pr\u00f3ximo 8 de Junio reanudar\u00e1 la gira de conciertos, que pasar\u00e1 por algunas de las ciudades m\u00e1s importantes de la geograf\u00eda espa\u00f1ola. No cancelar\u00e1 ninguno de sus conciertos. Todos los que ha tenido que aplazar se celebraran porque afirma que \u00abpara m\u00ed es importante la palabra dada. No quiero defraudar a ninguno de mis seguidores\u00bb. Actuar\u00e1 donde ya ten\u00eda cerrado concierto aunque con nueva fecha.<\/p>\n<p><object data=\"http:\/\/www.ivoox.com\/playerivoox_ee_1263714_1.html\" height=\"133\" id=\"player1263714\" type=\"application\/x-shockwave-flash\" width=\"240\"><param name=\"movie\" value=\"http:\/\/www.ivoox.com\/playerivoox_ee_1263714_1.html\"><\/param><param name=\"AllowScriptAccess\" value=\"always\"><\/param><param name=\"allowFullScreen\" value=\"true\"><\/param><param name=\"wmode\" value=\"transparent\"><\/param><embed src=\"http:\/\/www.ivoox.com\/playerivoox_ee_1263714_1.html\" type=\"application\/x-shockwave-flash\" allowfullscreen=\"true\" wmode=\"transparent\" allowscriptaccess=\"always\" width=\"240\" height=\"133\"><\/embed><\/object><\/p>\n","protected":false},"excerpt":{"rendered":"<p>Manolo Garcia rompe su silencio despues de la operaci\u00f3n que le hizo suspender su gira. De su voz, conocemos como se encuentra y cuando volver\u00e1 de nuevo a los escenarios. Cadena Dial 2.6.2012. Le ha sabido muy mal tener que parar la gira, ya no por \u00e9l sino por toda la gente, todo el equipo<a class=\"moretag\" href=\"https:\/\/www.manologarciaycia.com\/?p=3511\" title=\"MG: Manolo Garc\u00eda rompe su silencio :-)\" target=\"_self\" rel=\"follow\"> <font face=arial size=2>[Leer m\u00e1s]<\/font> <\/a><\/p>\n","protected":false},"author":2,"featured_media":0,"comment_status":"closed","ping_status":"closed","sticky":false,"template":"","format":"standard","meta":{"footnotes":""},"categories":[1],"tags":[],"class_list":["post-3511","post","type-post","status-publish","format-standard","hentry","category-manolo-garcia"],"_links":{"self":[{"href":"https:\/\/www.manologarciaycia.com\/index.php?rest_route=\/wp\/v2\/posts\/3511","targetHints":{"allow":["GET"]}}],"collection":[{"href":"https:\/\/www.manologarciaycia.com\/index.php?rest_route=\/wp\/v2\/posts"}],"about":[{"href":"https:\/\/www.manologarciaycia.com\/index.php?rest_route=\/wp\/v2\/types\/post"}],"author":[{"embeddable":true,"href":"https:\/\/www.manologarciaycia.com\/index.php?rest_route=\/wp\/v2\/users\/2"}],"replies":[{"embeddable":true,"href":"https:\/\/www.manologarciaycia.com\/index.php?rest_route=%2Fwp%2Fv2%2Fcomments&post=3511"}],"version-history":[{"count":4,"href":"https:\/\/www.manologarciaycia.com\/index.php?rest_route=\/wp\/v2\/posts\/3511\/revisions"}],"predecessor-version":[{"id":3520,"href":"https:\/\/www.manologarciaycia.com\/index.php?rest_route=\/wp\/v2\/posts\/3511\/revisions\/3520"}],"wp:attachment":[{"href":"https:\/\/www.manologarciaycia.com\/index.php?rest_route=%2Fwp%2Fv2%2Fmedia&parent=3511"}],"wp:term":[{"taxonomy":"category","embeddable":true,"href":"https:\/\/www.manologarciaycia.com\/index.php?rest_route=%2Fwp%2Fv2%2Fcategories&post=3511"},{"taxonomy":"post_tag","embeddable":true,"href":"https:\/\/www.manologarciaycia.com\/index.php?rest_route=%2Fwp%2Fv2%2Ftags&post=3511"}],"curies":[{"name":"wp","href":"https:\/\/api.w.org\/{rel}","templated":true}]}}