{"id":3505,"date":"2012-06-02T12:48:36","date_gmt":"2012-06-02T10:48:36","guid":{"rendered":"http:\/\/www.manologarciaycia.com\/?p=3505"},"modified":"2020-05-24T19:04:37","modified_gmt":"2020-05-24T17:04:37","slug":"mg-reportaje-manolo-garcia-en-la-aventura-del-saber-31mayo2012","status":"publish","type":"post","link":"https:\/\/www.manologarciaycia.com\/?p=3505","title":{"rendered":"MG: Reportaje Manolo Garc\u00eda en La Aventura del Saber 31\/Mayo\/2012"},"content":{"rendered":"<p style=\"text-align: left;\">La Aventura del Saber &#8211; La 2 &#8211; 31 Mayo 2012 &#8211; Manolo Garc\u00eda<\/p>\n<p style=\"text-align: left;\">Coincidiendo con la publicaci\u00f3n de su \u00faltimo disco \u00abLos d\u00edas intactos\u00bb, <strong>Manolo Garc\u00eda<\/strong> ha compartido con sus fans dos regalos extra: el libro El fruto de la rama m\u00e1s alta, y la exposici\u00f3n de los dibujos y pinturas del c\u00e9lebre m\u00fasico realizados entre 2007 y 2012. Asistimos a un encuentro distendido con sus seguidores, en el que el artista cont\u00f3 c\u00f3mo, cu\u00e1ndo y por qu\u00e9 disfruta tanto con esta faceta tan desconocida de su trabajo. Fuente: RTVE &#8211; La 2 &#8211; Aventura del Saber<\/p>\n","protected":false},"excerpt":{"rendered":"<p>La Aventura del Saber &#8211; La 2 &#8211; 31 Mayo 2012 &#8211; Manolo Garc\u00eda Coincidiendo con la publicaci\u00f3n de su \u00faltimo disco \u00abLos d\u00edas intactos\u00bb, Manolo Garc\u00eda ha compartido con sus fans dos regalos extra: el libro El fruto de la rama m\u00e1s alta, y la exposici\u00f3n de los dibujos y pinturas del c\u00e9lebre m\u00fasico<a class=\"moretag\" href=\"https:\/\/www.manologarciaycia.com\/?p=3505\" title=\"MG: Reportaje Manolo Garc\u00eda en La Aventura del Saber 31\/Mayo\/2012\" target=\"_self\" rel=\"follow\"> <font face=arial size=2>[Leer m\u00e1s]<\/font> <\/a><\/p>\n","protected":false},"author":2,"featured_media":0,"comment_status":"closed","ping_status":"closed","sticky":false,"template":"","format":"video","meta":{"footnotes":""},"categories":[1],"tags":[],"class_list":["post-3505","post","type-post","status-publish","format-video","hentry","category-manolo-garcia","post_format-post-format-video"],"_links":{"self":[{"href":"https:\/\/www.manologarciaycia.com\/index.php?rest_route=\/wp\/v2\/posts\/3505","targetHints":{"allow":["GET"]}}],"collection":[{"href":"https:\/\/www.manologarciaycia.com\/index.php?rest_route=\/wp\/v2\/posts"}],"about":[{"href":"https:\/\/www.manologarciaycia.com\/index.php?rest_route=\/wp\/v2\/types\/post"}],"author":[{"embeddable":true,"href":"https:\/\/www.manologarciaycia.com\/index.php?rest_route=\/wp\/v2\/users\/2"}],"replies":[{"embeddable":true,"href":"https:\/\/www.manologarciaycia.com\/index.php?rest_route=%2Fwp%2Fv2%2Fcomments&post=3505"}],"version-history":[{"count":6,"href":"https:\/\/www.manologarciaycia.com\/index.php?rest_route=\/wp\/v2\/posts\/3505\/revisions"}],"predecessor-version":[{"id":20887,"href":"https:\/\/www.manologarciaycia.com\/index.php?rest_route=\/wp\/v2\/posts\/3505\/revisions\/20887"}],"wp:attachment":[{"href":"https:\/\/www.manologarciaycia.com\/index.php?rest_route=%2Fwp%2Fv2%2Fmedia&parent=3505"}],"wp:term":[{"taxonomy":"category","embeddable":true,"href":"https:\/\/www.manologarciaycia.com\/index.php?rest_route=%2Fwp%2Fv2%2Fcategories&post=3505"},{"taxonomy":"post_tag","embeddable":true,"href":"https:\/\/www.manologarciaycia.com\/index.php?rest_route=%2Fwp%2Fv2%2Ftags&post=3505"}],"curies":[{"name":"wp","href":"https:\/\/api.w.org\/{rel}","templated":true}]}}