{"id":3503,"date":"2012-06-01T19:22:30","date_gmt":"2012-06-01T17:22:30","guid":{"rendered":"http:\/\/www.manologarciaycia.com\/?p=3503"},"modified":"2012-06-01T19:22:30","modified_gmt":"2012-06-01T17:22:30","slug":"mg-agotadas-calella-de-palafrugell-y-nuevo-concierto-sin-confirmar-san-fernando-9-julio","status":"publish","type":"post","link":"https:\/\/www.manologarciaycia.com\/?p=3503","title":{"rendered":"MG: Agotadas Calella de Palafrugell y nuevo concierto (sin confirmar) San Fernando 9 Julio"},"content":{"rendered":"<p>Se han agotado ya las\u00a0entradas del concierto de Manolo Garc\u00eda dentro del Festival Cap Roig en Calella de Palafrugell.<\/p>\n<p>Y por otra parte: el cantante Manolo Garc\u00eda recalar\u00e1 en San Fernando el d\u00eda 8 del pr\u00f3ximo mes de julio, en la plaza de toros, dentro de la gira de presentaci\u00f3n de su nuevo \u00e1lbum. Para adecuar el recinto a las caracter\u00edsticas de la gira, la plaza de toros ser\u00e1 aforada y todas las localidades ser\u00e1n de asiento, con lo cual su capacidad se ver\u00e1 un tanto reducida.\u00a0Este concierto forma parte de la gira de teatros y auditorios de su nuevo \u00e1lbum\u00a0<em>Los d\u00edas intactos<\/em>, que ha permanecido tres semanas consecutivas en el n\u00famero 1 de la lista de los m\u00e1s vendidos en Espa\u00f1a y es ya Triple Disco de Platino. En estos primeros conciertos han destacado los seis d\u00edas de abril en el Palacio Municipal de Congresos del Campo de las Naciones de Madrid y los seis de mayo en Barcelona, con las entradas agotadas con meses de antelaci\u00f3n. Fuente: \u00a0<a href=\"http:\/\/andaluciainformacion.es\/san-fernando\/229667\/el-cantante-manolo-garcia-actua-el-8-de-julio-en-la-plaza-de-toros-de-la-isla\/\" target=\"_blank\">Andaluc\u00eda Informaci\u00f3n<\/a><\/p>\n","protected":false},"excerpt":{"rendered":"<p>Se han agotado ya las\u00a0entradas del concierto de Manolo Garc\u00eda dentro del Festival Cap Roig en Calella de Palafrugell. Y por otra parte: el cantante Manolo Garc\u00eda recalar\u00e1 en San Fernando el d\u00eda 8 del pr\u00f3ximo mes de julio, en la plaza de toros, dentro de la gira de presentaci\u00f3n de su nuevo \u00e1lbum. Para<a class=\"moretag\" href=\"https:\/\/www.manologarciaycia.com\/?p=3503\" title=\"MG: Agotadas Calella de Palafrugell y nuevo concierto (sin confirmar) San Fernando 9 Julio\" target=\"_self\" rel=\"follow\"> <font face=arial size=2>[Leer m\u00e1s]<\/font> <\/a><\/p>\n","protected":false},"author":2,"featured_media":0,"comment_status":"closed","ping_status":"closed","sticky":false,"template":"","format":"standard","meta":{"footnotes":""},"categories":[1],"tags":[],"class_list":["post-3503","post","type-post","status-publish","format-standard","hentry","category-manolo-garcia"],"_links":{"self":[{"href":"https:\/\/www.manologarciaycia.com\/index.php?rest_route=\/wp\/v2\/posts\/3503","targetHints":{"allow":["GET"]}}],"collection":[{"href":"https:\/\/www.manologarciaycia.com\/index.php?rest_route=\/wp\/v2\/posts"}],"about":[{"href":"https:\/\/www.manologarciaycia.com\/index.php?rest_route=\/wp\/v2\/types\/post"}],"author":[{"embeddable":true,"href":"https:\/\/www.manologarciaycia.com\/index.php?rest_route=\/wp\/v2\/users\/2"}],"replies":[{"embeddable":true,"href":"https:\/\/www.manologarciaycia.com\/index.php?rest_route=%2Fwp%2Fv2%2Fcomments&post=3503"}],"version-history":[{"count":1,"href":"https:\/\/www.manologarciaycia.com\/index.php?rest_route=\/wp\/v2\/posts\/3503\/revisions"}],"predecessor-version":[{"id":3504,"href":"https:\/\/www.manologarciaycia.com\/index.php?rest_route=\/wp\/v2\/posts\/3503\/revisions\/3504"}],"wp:attachment":[{"href":"https:\/\/www.manologarciaycia.com\/index.php?rest_route=%2Fwp%2Fv2%2Fmedia&parent=3503"}],"wp:term":[{"taxonomy":"category","embeddable":true,"href":"https:\/\/www.manologarciaycia.com\/index.php?rest_route=%2Fwp%2Fv2%2Fcategories&post=3503"},{"taxonomy":"post_tag","embeddable":true,"href":"https:\/\/www.manologarciaycia.com\/index.php?rest_route=%2Fwp%2Fv2%2Ftags&post=3503"}],"curies":[{"name":"wp","href":"https:\/\/api.w.org\/{rel}","templated":true}]}}