{"id":3395,"date":"2012-05-31T09:17:28","date_gmt":"2012-05-31T07:17:28","guid":{"rendered":"http:\/\/www.manologarciaycia.com\/?p=3395"},"modified":"2012-05-31T09:17:28","modified_gmt":"2012-05-31T07:17:28","slug":"mg-vendidas-todas-las-entradas-de-manolo-garcia-en-cordoba","status":"publish","type":"post","link":"https:\/\/www.manologarciaycia.com\/?p=3395","title":{"rendered":"MG: Vendidas todas las entradas de Manolo Garc\u00eda en C\u00f3rdoba"},"content":{"rendered":"<p>Manolo Garc\u00eda ha colgado ya el cartel de no hay entradas para su concierto el d\u00eda 22 de junio en el teatro de la Axerqu\u00eda de C\u00f3rdoba. Este concierto forma parte de la\u00a0<em>Gira teatral\u00a0<\/em>con la que el m\u00fasico presenta su nuevo \u00e1lbum\u00a0<em>Los d\u00edas intactos\u00a0<\/em>, que ha permanecido tres semanas consecutivas en el n\u00famero 1 de la lista de los m\u00e1s vendidos en Espa\u00f1a y ya es triple Disco de Platino. Es una gira pensada para teatros donde disfrutar de la cercan\u00eda del artista pero cuenta, como es habitual en Manolo Garc\u00eda, con una espl\u00e9ndida puesta en escena y una extensa banda que le arropa en el escenario; todo un lujo.<\/p>\n<p>Fuente: DiarioCordoba &#8211; <a href=\"http:\/\/www.diariocordoba.com\/noticias\/cultura\/vendidas-todas-las-entradas-de-manolo-garcia-en-cordoba_718791.html\" target=\"_blank\">ENLACE<\/a><\/p>\n","protected":false},"excerpt":{"rendered":"<p>Manolo Garc\u00eda ha colgado ya el cartel de no hay entradas para su concierto el d\u00eda 22 de junio en el teatro de la Axerqu\u00eda de C\u00f3rdoba. Este concierto forma parte de la\u00a0Gira teatral\u00a0con la que el m\u00fasico presenta su nuevo \u00e1lbum\u00a0Los d\u00edas intactos\u00a0, que ha permanecido tres semanas consecutivas en el n\u00famero 1 de<a class=\"moretag\" href=\"https:\/\/www.manologarciaycia.com\/?p=3395\" title=\"MG: Vendidas todas las entradas de Manolo Garc\u00eda en C\u00f3rdoba\" target=\"_self\" rel=\"follow\"> <font face=arial size=2>[Leer m\u00e1s]<\/font> <\/a><\/p>\n","protected":false},"author":2,"featured_media":0,"comment_status":"closed","ping_status":"closed","sticky":false,"template":"","format":"standard","meta":{"footnotes":""},"categories":[1],"tags":[],"class_list":["post-3395","post","type-post","status-publish","format-standard","hentry","category-manolo-garcia"],"_links":{"self":[{"href":"https:\/\/www.manologarciaycia.com\/index.php?rest_route=\/wp\/v2\/posts\/3395","targetHints":{"allow":["GET"]}}],"collection":[{"href":"https:\/\/www.manologarciaycia.com\/index.php?rest_route=\/wp\/v2\/posts"}],"about":[{"href":"https:\/\/www.manologarciaycia.com\/index.php?rest_route=\/wp\/v2\/types\/post"}],"author":[{"embeddable":true,"href":"https:\/\/www.manologarciaycia.com\/index.php?rest_route=\/wp\/v2\/users\/2"}],"replies":[{"embeddable":true,"href":"https:\/\/www.manologarciaycia.com\/index.php?rest_route=%2Fwp%2Fv2%2Fcomments&post=3395"}],"version-history":[{"count":0,"href":"https:\/\/www.manologarciaycia.com\/index.php?rest_route=\/wp\/v2\/posts\/3395\/revisions"}],"wp:attachment":[{"href":"https:\/\/www.manologarciaycia.com\/index.php?rest_route=%2Fwp%2Fv2%2Fmedia&parent=3395"}],"wp:term":[{"taxonomy":"category","embeddable":true,"href":"https:\/\/www.manologarciaycia.com\/index.php?rest_route=%2Fwp%2Fv2%2Fcategories&post=3395"},{"taxonomy":"post_tag","embeddable":true,"href":"https:\/\/www.manologarciaycia.com\/index.php?rest_route=%2Fwp%2Fv2%2Ftags&post=3395"}],"curies":[{"name":"wp","href":"https:\/\/api.w.org\/{rel}","templated":true}]}}