{"id":3392,"date":"2012-05-29T11:06:57","date_gmt":"2012-05-29T09:06:57","guid":{"rendered":"http:\/\/www.manologarciaycia.com\/?p=3392"},"modified":"2012-05-29T11:08:46","modified_gmt":"2012-05-29T09:08:46","slug":"mg-posible-nuevo-concierto-en-a-coruna-por-confirmar","status":"publish","type":"post","link":"https:\/\/www.manologarciaycia.com\/?p=3392","title":{"rendered":"MG: Posible nuevo concierto en A Coru\u00f1a, por confirmar"},"content":{"rendered":"<p><img loading=\"lazy\" decoding=\"async\" class=\"alignleft\" src=\"http:\/\/media.lavozdegalicia.es\/scale.php?i=\/default\/2012\/05\/29\/0012_201205H29C7F1\/Foto\/H29C7F1.jpg&amp;w=300px\" alt=\"\" width=\"300\" height=\"211\" \/> El Col\u00f3n levanta el tel\u00f3n: El teatro luce ya la pancarta de la nueva concesionaria, en la que anuncia la primera obra de la programaci\u00f3n.<\/p>\n<p>El pr\u00f3ximo 15 de junio el Teatro Col\u00f3n volver\u00e1 a abrir sus puertas, pero ayer ya dio un nuevo paso en esta direcci\u00f3n, con el descubrimiento de la pancarta que anuncia la primera obra de la programaci\u00f3n que habr\u00e1 durante el resto del a\u00f1o, y que ser\u00e1 gestionada por la nueva concesionaria: la UTE formada por Eulen, Unahoramenos Producciones y Gestr (del Grupo Chemtrol). Ismael Serrano, <strong>Manolo Garc\u00eda<\/strong>, Pastora Soler, Luar na Lubre y M\u00f3nica Naranjo ser\u00e1n algunos de los cantantes que pasar\u00e1n por el teatro de la avenida de la Marina, que tambi\u00e9n apostar\u00e1 por obras teatrales con destacados int\u00e9rpretes, como Maribel Verd\u00fa, Antonio Molero, Amparo Larra\u00f1aga, o Kira Mir\u00f3. La danza llegar\u00e1 de la mano de Sara Baras, y habr\u00e1 una programaci\u00f3n especial para los m\u00e1s peque\u00f1os, con montajes como El principito o Pocoy\u00f3.<\/p>\n<p>Fuente: La Voz de Galicia &#8211; <a href=\"http:\/\/www.lavozdegalicia.es\/noticia\/coruna\/2012\/05\/29\/colon-levanta-telon\/0003_201205H29C7993.htm\" target=\"_blank\">ENLACE<\/a><\/p>\n","protected":false},"excerpt":{"rendered":"<p>El Col\u00f3n levanta el tel\u00f3n: El teatro luce ya la pancarta de la nueva concesionaria, en la que anuncia la primera obra de la programaci\u00f3n. El pr\u00f3ximo 15 de junio el Teatro Col\u00f3n volver\u00e1 a abrir sus puertas, pero ayer ya dio un nuevo paso en esta direcci\u00f3n, con el descubrimiento de la pancarta que<a class=\"moretag\" href=\"https:\/\/www.manologarciaycia.com\/?p=3392\" title=\"MG: Posible nuevo concierto en A Coru\u00f1a, por confirmar\" target=\"_self\" rel=\"follow\"> <font face=arial size=2>[Leer m\u00e1s]<\/font> <\/a><\/p>\n","protected":false},"author":2,"featured_media":0,"comment_status":"closed","ping_status":"closed","sticky":false,"template":"","format":"standard","meta":{"footnotes":""},"categories":[1],"tags":[],"class_list":["post-3392","post","type-post","status-publish","format-standard","hentry","category-manolo-garcia"],"_links":{"self":[{"href":"https:\/\/www.manologarciaycia.com\/index.php?rest_route=\/wp\/v2\/posts\/3392","targetHints":{"allow":["GET"]}}],"collection":[{"href":"https:\/\/www.manologarciaycia.com\/index.php?rest_route=\/wp\/v2\/posts"}],"about":[{"href":"https:\/\/www.manologarciaycia.com\/index.php?rest_route=\/wp\/v2\/types\/post"}],"author":[{"embeddable":true,"href":"https:\/\/www.manologarciaycia.com\/index.php?rest_route=\/wp\/v2\/users\/2"}],"replies":[{"embeddable":true,"href":"https:\/\/www.manologarciaycia.com\/index.php?rest_route=%2Fwp%2Fv2%2Fcomments&post=3392"}],"version-history":[{"count":2,"href":"https:\/\/www.manologarciaycia.com\/index.php?rest_route=\/wp\/v2\/posts\/3392\/revisions"}],"predecessor-version":[{"id":3394,"href":"https:\/\/www.manologarciaycia.com\/index.php?rest_route=\/wp\/v2\/posts\/3392\/revisions\/3394"}],"wp:attachment":[{"href":"https:\/\/www.manologarciaycia.com\/index.php?rest_route=%2Fwp%2Fv2%2Fmedia&parent=3392"}],"wp:term":[{"taxonomy":"category","embeddable":true,"href":"https:\/\/www.manologarciaycia.com\/index.php?rest_route=%2Fwp%2Fv2%2Fcategories&post=3392"},{"taxonomy":"post_tag","embeddable":true,"href":"https:\/\/www.manologarciaycia.com\/index.php?rest_route=%2Fwp%2Fv2%2Ftags&post=3392"}],"curies":[{"name":"wp","href":"https:\/\/api.w.org\/{rel}","templated":true}]}}