{"id":3383,"date":"2012-05-21T12:17:40","date_gmt":"2012-05-21T10:17:40","guid":{"rendered":"http:\/\/www.manologarciaycia.com\/?p=3383"},"modified":"2012-05-21T19:33:57","modified_gmt":"2012-05-21T17:33:57","slug":"mg-confirmadas-las-nuevas-fechas-en-sustitucion-de-las-cancelaciones","status":"publish","type":"post","link":"https:\/\/www.manologarciaycia.com\/?p=3383","title":{"rendered":"MG: Confirmadas las nuevas fechas, en sustituci\u00f3n de las cancelaciones"},"content":{"rendered":"<p>Ya tenemos las \u00faltimas fechas pendientes para reubicar los conciertos aplazados durante este mes. Os rogamos disculpas por la demora.\u00a0Al ser recintos muy solicitados y varios conciertos, en el caso de Barcelona, ha sido m\u00e1s lento de lo deseado. Aqu\u00ed os indicamos la nueva fecha para cada concierto.<\/p>\n<p>Siguen siendo v\u00e1lidas las entradas ya adquiridas para las conciertos iniciales y no es necesario hacer nada. Por supuesto, mismo recinto, misma hora, misma butaca&#8230;\u00a0Aquellas personas que no puedan acudir a estos conciertos, pueden pedir la devoluci\u00f3n del importe de la entrada en cualquier momento hasta el d\u00eda 30 de junio.<\/p>\n<p style=\"text-align: center;\">10 mayo Barcelona, Teatre Coliseum: se celebrar\u00e1 el d\u00eda 17 de octubre.<br \/>\n11 mayo Barcelona, Teatre Coliseum: se celebrar\u00e1 el d\u00eda 23 de octubre.<br \/>\n22 mayo Barcelona, Teatre Coliseum: se celebrar\u00e1 el d\u00eda 24 de octubre.<br \/>\n25 mayo Barcelona, Palau de la M\u00fasica: se celebrar\u00e1 el d\u00eda 1 de octubre.<br \/>\n4 junio Bilbao, Palacio Euskalduna: se celebrar\u00e1 el d\u00eda 11 de octubre.<\/p>\n<p>OJO: El concierto en el Palacio Euskalduna de Bilbao se celebrar\u00e1 finalmente el d\u00eda 11 de octubre. Debido a alg\u00fan error de coordinaci\u00f3n, parece ser que ha sido devuelto de forma autom\u00e1tica el importe de todas las entradas. <strong>Las entradas para la nueva fecha se pondr\u00e1n a la venta ma\u00f1ana martes d\u00eda 22 de mayo, a las 10.00h.<\/strong><\/p>\n<p>Revisa la agenda en nuestro <a href=\"http:\/\/www.manologarciaycia.com\/?page_id=2188#action=ai1ec_agenda&amp;ai1ec_post_ids=\">CALENDARIO<\/a>\u00a0que de momento queda as\u00ed:<\/p>\n<p><strong>JUN 15<\/strong>\u00a0&#8211; Elche \u2013 YA A LA VENTA!<br \/>\n<strong>JUN 16<\/strong>\u00a0&#8211; Albacete \u2013 YA A LA VENTA!<br \/>\n<strong>JUN 22<\/strong>\u00a0&#8211; C\u00f3rdoba \u2013 YA A LA VENTA!<br \/>\n<strong>JUN 28<\/strong>\u00a0&#8211; Ja\u00e9n \u2013 YA A LA VENTA! (previsto 2 Junio)<br \/>\n<strong>JUN 30<\/strong>\u00a0&#8211; Sevilla \u2013 YA A LA VENTA!<br \/>\n<strong>JUL 6<\/strong>\u00a0&#8211; Huelva \u2013 YA A LA VENTA!<br \/>\n<strong>JUL 13<\/strong>\u00a0&#8211; Tarragona \u2013 ETC Festival d\u2019Estiu \u2013 YA A LA VENTA!<br \/>\n<strong>JUL 21<\/strong>\u00a0&#8211; Calella de Palafrugell \u2013 YA A LA VENTA!<br \/>\n<strong>OCT 1<\/strong>\u00a0&#8211; Barcelona \u2013 AGOTADAS! (previsto 25 Mayo)<br \/>\n<strong>OCT 11<\/strong>\u00a0&#8211; Bilbao &#8211; YA A LA VENTA! (previsto 4 Junio)<br \/>\n<strong>OCT 17<\/strong>\u00a0&#8211; Barcelona \u2013 AGOTADAS! (previsto 10 Mayo)<br \/>\n<strong>OCT 20<\/strong>\u00a0&#8211; Oviedo \u2013 AGOTADAS!\u00a0(previsto 19 Mayo)<br \/>\n<strong>OCT 23<\/strong>\u00a0&#8211; Barcelona \u2013 AGOTADAS!\u00a0(previsto 11 Mayo)<br \/>\n<strong>OCT 24<\/strong>\u00a0&#8211; Barcelona \u2013 AGOTADAS!\u00a0(previsto 22 Mayo)<br \/>\n<strong>NOV 28<\/strong>\u00a0&#8211; Donosti \u2013 AGOTADAS\u00a0(previsto 16 Mayo)<\/p>\n","protected":false},"excerpt":{"rendered":"<p>Ya tenemos las \u00faltimas fechas pendientes para reubicar los conciertos aplazados durante este mes. Os rogamos disculpas por la demora.\u00a0Al ser recintos muy solicitados y varios conciertos, en el caso de Barcelona, ha sido m\u00e1s lento de lo deseado. Aqu\u00ed os indicamos la nueva fecha para cada concierto. Siguen siendo v\u00e1lidas las entradas ya adquiridas<a class=\"moretag\" href=\"https:\/\/www.manologarciaycia.com\/?p=3383\" title=\"MG: Confirmadas las nuevas fechas, en sustituci\u00f3n de las cancelaciones\" target=\"_self\" rel=\"follow\"> <font face=arial size=2>[Leer m\u00e1s]<\/font> <\/a><\/p>\n","protected":false},"author":2,"featured_media":0,"comment_status":"closed","ping_status":"closed","sticky":false,"template":"","format":"standard","meta":{"footnotes":""},"categories":[1],"tags":[],"class_list":["post-3383","post","type-post","status-publish","format-standard","hentry","category-manolo-garcia"],"_links":{"self":[{"href":"https:\/\/www.manologarciaycia.com\/index.php?rest_route=\/wp\/v2\/posts\/3383","targetHints":{"allow":["GET"]}}],"collection":[{"href":"https:\/\/www.manologarciaycia.com\/index.php?rest_route=\/wp\/v2\/posts"}],"about":[{"href":"https:\/\/www.manologarciaycia.com\/index.php?rest_route=\/wp\/v2\/types\/post"}],"author":[{"embeddable":true,"href":"https:\/\/www.manologarciaycia.com\/index.php?rest_route=\/wp\/v2\/users\/2"}],"replies":[{"embeddable":true,"href":"https:\/\/www.manologarciaycia.com\/index.php?rest_route=%2Fwp%2Fv2%2Fcomments&post=3383"}],"version-history":[{"count":7,"href":"https:\/\/www.manologarciaycia.com\/index.php?rest_route=\/wp\/v2\/posts\/3383\/revisions"}],"predecessor-version":[{"id":3390,"href":"https:\/\/www.manologarciaycia.com\/index.php?rest_route=\/wp\/v2\/posts\/3383\/revisions\/3390"}],"wp:attachment":[{"href":"https:\/\/www.manologarciaycia.com\/index.php?rest_route=%2Fwp%2Fv2%2Fmedia&parent=3383"}],"wp:term":[{"taxonomy":"category","embeddable":true,"href":"https:\/\/www.manologarciaycia.com\/index.php?rest_route=%2Fwp%2Fv2%2Fcategories&post=3383"},{"taxonomy":"post_tag","embeddable":true,"href":"https:\/\/www.manologarciaycia.com\/index.php?rest_route=%2Fwp%2Fv2%2Ftags&post=3383"}],"curies":[{"name":"wp","href":"https:\/\/api.w.org\/{rel}","templated":true}]}}