{"id":337,"date":"2010-01-31T15:03:25","date_gmt":"2010-01-31T14:03:25","guid":{"rendered":"http:\/\/petaos.net\/?p=337"},"modified":"2010-01-31T15:05:20","modified_gmt":"2010-01-31T14:05:20","slug":"manolo-garcia-cree-pugna-por-albergar-atc-es-una-carrera-hacia-el-peligro","status":"publish","type":"post","link":"https:\/\/www.manologarciaycia.com\/?p=337","title":{"rendered":"Manolo Garc\u00eda cree pugna por albergar ATC es \u00abuna carrera hacia el peligro\u00bb"},"content":{"rendered":"<p>As\u00ed lo ha manifestado con motivo de su presencia en M\u00e9rida para inaugurar, junto con su amigo Jos\u00e9 Mar\u00eda Ben\u00edtez, una exposici\u00f3n que aglutina fotograf\u00edas de ambos.<\/p>\n<p>Para \u00e9l, el ATC, adem\u00e1s de generar empleo, es \u00abuna cuesti\u00f3n de dinero y ganas de repartirse un montante sabroso\u00bb que puede beneficiar de \u00abforma puntual\u00bb pero que \u00abhabr\u00eda otras maneras de ofrecer puestos de trabajo\u00bb.<\/p>\n<p>A su juicio, el mundo occidental y los pa\u00edses emergentes \u00abconsumimos demasiado y nos creamos una cantidad brutal de necesidades\u00bb cuando, ha dicho, \u00abcon un poco menos de necesidades imaginadas o creadas al hilo del dinero no har\u00eda falta tanta energ\u00eda\u00bb.<\/p>\n<p>Fuente: ABC &#8211; EFE &#8211; <a href=\"http:\/\/www.abc.es\/agencias\/noticia.asp?noticia=255519\" target=\"_blank\">ENLACE<\/a><br \/>\nEn este sentido, el ex-integrante de \u00abEl \u00daltimo de la Fila\u00bb lamenta que no se exploten m\u00e1s energ\u00edas limpias como la e\u00f3lica o la solar y ha reivindicado el papel de Espa\u00f1a como pa\u00eds a la cabeza en la producci\u00f3n de energ\u00edas renovables.<\/p>\n<p>A este artista catal\u00e1n todo lo del ATC le suena a \u00abdisparate\u00bb, especialmente porque \u00absi la central nuclear est\u00e1 en Extremadura y el almac\u00e9n en Guadalajara los residuos tienen que viajar\u00bb y puede producirse alg\u00fan accidente durante su desplazamiento, a\u00f1ade.<\/p>\n<p>En su opini\u00f3n, entran en juego dos tipos de intereses, el de la poblaci\u00f3n que acepta albergarlo en su municipio por una cuesti\u00f3n de \u00abnecesidades b\u00e1sicas, pagar la hipoteca, llegar a fin de mes\u00bb y, por otro, el de los alcaldes que buscan inflar las arcas municipales.<\/p>\n<p>En cuanto al debate sobre la fiesta de los toros, este cantante nacido en el barrio Poblenou de Barcelona, confiesa que iba a los toros con su padre cuando ten\u00eda catorce a\u00f1os, y asegura debatirse entre \u00abel s\u00ed y el no\u00bb acerca de la prohibici\u00f3n de las corridas de toros en Catalu\u00f1a, por lo que prefiere quedarse en \u00abterritorio neutro\u00bb a la hora de valorar si se trata de cultura y arte.<\/p>\n<p>No obstante, considera que \u00abes algo brutal martirizar a los animales, no es nada correcto\u00bb y, agrega, en este sentido \u00abpueden decir lo que quieran pero realmente es un animal al que est\u00e1n haciendo sufrir\u00bb.<\/p>\n<p>Por otra parte, despu\u00e9s de la publicaci\u00f3n de su \u00faltimo disco en 2008 \u00abSaldremos a la Lluvia\u00bb, Manolo Garc\u00eda ya se encuentra inmerso en la preparaci\u00f3n de su nuevo trabajo.<\/p>\n<p>\u00abPoquito a poco s\u00ed estoy componiendo, es algo que no puedo evitar\u00bb confiesa Manolo Garc\u00eda, quien tambi\u00e9n es un gran aficionado a la pintura y la fotograf\u00eda como formas de expresi\u00f3n y de \u00abcompartir el torbellino que siento, no quedarme anclado en m\u00ed mismo\u00bb.<\/p>\n<p>Respecto a la muestra fotogr\u00e1fica, que cuenta con la colaboraci\u00f3n de la asociaci\u00f3n ecologista ADENEX, Manolo Garc\u00eda declara que les \u00abune una pasi\u00f3n com\u00fan, el amor a la naturaleza y la idea clara de que hay una necesidad urgente y b\u00e1sica de conservar la naturaleza\u00bb.<\/p>\n<p>Durante sus giras y viajes, el artista, que viaja aferrado a su c\u00e1mara, ha ido observando lo \u00abfascinante\u00bb del mundo y lo \u00abasombroso del comportamiento humano\u00bb y, agrega, \u00abpuedes estar en cualquier continente, pero realmente somos un animalito muy curioso\u00bb.<\/p>\n<p>Como fot\u00f3grafo \u00abamateur\u00bb muestra especial predilecci\u00f3n por las im\u00e1genes en blanco y negro, debido a que tienen \u00abmayor dramatismo\u00bb y permiten una categor\u00eda distinta en tiempo y forma que la fotograf\u00eda en color.<\/p>\n<p>Pese a vivir en una gran ciudad, Manolo Garc\u00eda se confiesa un enamorado del sur porque, precisa, en esta zona \u00aba\u00fan pervive ese aliento rural, ese mundo natural, esos paisajes\u00bb.<\/p>\n","protected":false},"excerpt":{"rendered":"<p>As\u00ed lo ha manifestado con motivo de su presencia en M\u00e9rida para inaugurar, junto con su amigo Jos\u00e9 Mar\u00eda Ben\u00edtez, una exposici\u00f3n que aglutina fotograf\u00edas de ambos. Para \u00e9l, el ATC, adem\u00e1s de generar empleo, es \u00abuna cuesti\u00f3n de dinero y ganas de repartirse un montante sabroso\u00bb que puede beneficiar de \u00abforma puntual\u00bb pero que<a class=\"moretag\" href=\"https:\/\/www.manologarciaycia.com\/?p=337\" title=\"Manolo Garc\u00eda cree pugna por albergar ATC es \u00abuna carrera hacia el peligro\u00bb\" target=\"_self\" rel=\"follow\"> <font face=arial size=2>[Leer m\u00e1s]<\/font> <\/a><\/p>\n","protected":false},"author":2,"featured_media":0,"comment_status":"closed","ping_status":"open","sticky":false,"template":"","format":"standard","meta":{"footnotes":""},"categories":[1],"tags":[70],"class_list":["post-337","post","type-post","status-publish","format-standard","hentry","category-manolo-garcia","tag-manolo-garcia-atc-nuclear-almacen-merida"],"_links":{"self":[{"href":"https:\/\/www.manologarciaycia.com\/index.php?rest_route=\/wp\/v2\/posts\/337","targetHints":{"allow":["GET"]}}],"collection":[{"href":"https:\/\/www.manologarciaycia.com\/index.php?rest_route=\/wp\/v2\/posts"}],"about":[{"href":"https:\/\/www.manologarciaycia.com\/index.php?rest_route=\/wp\/v2\/types\/post"}],"author":[{"embeddable":true,"href":"https:\/\/www.manologarciaycia.com\/index.php?rest_route=\/wp\/v2\/users\/2"}],"replies":[{"embeddable":true,"href":"https:\/\/www.manologarciaycia.com\/index.php?rest_route=%2Fwp%2Fv2%2Fcomments&post=337"}],"version-history":[{"count":4,"href":"https:\/\/www.manologarciaycia.com\/index.php?rest_route=\/wp\/v2\/posts\/337\/revisions"}],"predecessor-version":[{"id":341,"href":"https:\/\/www.manologarciaycia.com\/index.php?rest_route=\/wp\/v2\/posts\/337\/revisions\/341"}],"wp:attachment":[{"href":"https:\/\/www.manologarciaycia.com\/index.php?rest_route=%2Fwp%2Fv2%2Fmedia&parent=337"}],"wp:term":[{"taxonomy":"category","embeddable":true,"href":"https:\/\/www.manologarciaycia.com\/index.php?rest_route=%2Fwp%2Fv2%2Fcategories&post=337"},{"taxonomy":"post_tag","embeddable":true,"href":"https:\/\/www.manologarciaycia.com\/index.php?rest_route=%2Fwp%2Fv2%2Ftags&post=337"}],"curies":[{"name":"wp","href":"https:\/\/api.w.org\/{rel}","templated":true}]}}