{"id":328,"date":"2010-01-30T18:09:32","date_gmt":"2010-01-30T17:09:32","guid":{"rendered":"http:\/\/petaos.net\/?p=328"},"modified":"2010-01-31T13:54:53","modified_gmt":"2010-01-31T12:54:53","slug":"el-cantante-manolo-garcia-muestra-en-merida-su-faceta-fotografica","status":"publish","type":"post","link":"https:\/\/www.manologarciaycia.com\/?p=328","title":{"rendered":"El cantante Manolo Garc\u00eda muestra en M\u00e9rida su faceta fotogr\u00e1fica"},"content":{"rendered":"<p>El cantante Manolo Garc\u00eda y el fot\u00f3grafo emeritense Jos\u00e9 Mar\u00eda Ben\u00edtez  Cidoncha muestran desde hoy algunas de sus instant\u00e1neas en la exposici\u00f3n  \u00abSaldremos a la lluvia\u00bb, algunas tomadas por el propio Manolo Garc\u00eda durante la  preparaci\u00f3n de su \u00faltimo disco en mayo y en su posterior gira por Am\u00e9rica y  Espa\u00f1a.<\/p>\n<p style=\"text-align: center;\"><img loading=\"lazy\" decoding=\"async\" class=\"aligncenter\" src=\"http:\/\/utils.lainformacionalsegundo.com\/images\/IMGS_CMS\/2010_1_29_eZ0l9Gz1fUf9ByVdHN8fT4.jpg?type=height&amp;width=556&amp;height=378&amp;mtime=1264772585\" alt=\"\" width=\"556\" height=\"377\" \/><\/p>\n<p style=\"text-align: center;\">\n<p><object classid=\"clsid:D27CDB6E-AE6D-11cf-96B8-444553540000\" id=\"FLVPlayer\" width=\"490\" height=\"385\" codebase=\"http:\/\/fpdownload.macromedia.com\/get\/flashplayer\/current\/swflash.cab\"><param name=\"movie\" value=\"http:\/\/www.hoyes.tv\/embed\/FLVPlayer.swf\" \/><param name=\"FlashVars\" value=\"file=http:\/\/cache1.agilecontents.com\/resources\/flv\/1\/3\/1264767122631.flv&#038;image=http:\/\/cache1.agilecontents.com\/resources\/jpg\/7\/2\/1264767122027.jpg&#038;title=&#038;googleAnalytics=channel::ocio,subChannel::cultura&#038;advernet=site::hoyes,channel::ocio,subChannel::cultura,tags::manolo-garcia-muestra-otra-cara-artistica-merida-73575&#038;logo=url::http:\/\/www.hoyes.tv\/ocio\/cultura\/manolo-garcia-muestra-otra-cara-artistica-merida-73575.html,image::undefined\" \/><param name=\"allowScriptAccess\" value=\"always\" \/><param name=\"allowFullScreen\" value=\"true\" \/><param name=\"wmode\" value=\"transparent\"><embed src=\"http:\/\/www.hoyes.tv\/embed\/FLVPlayer.swf\" wmode=\"transparent\" width=\"490\" height=\"385\" name=\"FLVPlayer\" allowFullScreen=\"true\" FlashVars=\"file=http:\/\/cache1.agilecontents.com\/resources\/flv\/1\/3\/1264767122631.flv&#038;image=http:\/\/cache1.agilecontents.com\/resources\/jpg\/7\/2\/1264767122027.jpg&#038;title=&#038;googleAnalytics=channel::ocio,subChannel::cultura&#038;advernet=site::hoyes,channel::ocio,subChannel::cultura,tags::manolo-garcia-muestra-otra-cara-artistica-merida-73575&#038;logo=url::http:\/\/www.hoyes.tv\/ocio\/cultura\/manolo-garcia-muestra-otra-cara-artistica-merida-73575.html,image::undefined\" allowScriptAccess=\"always\" type=\"application\/x-shockwave-flash\" pluginspage=\"http:\/\/www.adobe.com\/go\/getflashplayer\"><\/embed><\/object><\/p>\n<p>Desc\u00e1rgate el tr\u00edptico informativo en formato PDF.<\/p>\n<p>Fuente: <a href=\"http:\/\/www.adn.es\/cultura\/20100129\/NWS-1244-Merida-Garcia-Manolo-fotografica-cantante.html\" target=\"_blank\">ADN<\/a> &#8211; <a href=\"http:\/\/fotos.lainformacion.com\/arte-cultura-y-espectaculos\/artes-general\/el-cantante-manolo-garcia-muestra-en-merida-su-vertiente-fotografica_tkKKz0oHXxVBYjeVa9QFv3\/\" target=\"_self\">LaInformaci\u00f3n.com<\/a> &#8211; Tr\u00edptico enviado por Fran_g (gracias!) &#8211; V\u00eddeo de <a href=\"http:\/\/www.hoyes.tv\/ocio\/cultura\/manolo-garcia-muestra-otra-cara-artistica-merida-73575.html\" target=\"_blank\">www.hoyes.tv<\/a><br \/>\nEl t\u00edtulo de la exposici\u00f3n, presentada hoy por el alcalde de M\u00e9rida, \u00c1ngel  Calle, y por sus dos protagonistas, y que podr\u00e1 verse hasta el 28 de febrero en  el Museo Abierto de M\u00e9rida, coincide con el del \u00faltimo disco del cantante  catal\u00e1n.<\/p>\n<p>Las fotograf\u00edas del cantante, en su mayor\u00eda en blanco y negro y de aire  sesentero \u00abnacen de la curiosidad\u00bb, seg\u00fan el autor, que ha manifestado su  \u00abalegr\u00eda\u00bb por volver a Extremadura y ha destacado el \u00abencanto\u00bb hist\u00f3rico de  M\u00e9rida en su paisaje y su arquitectura.<\/p>\n<p>Por su parte, Ben\u00edtez aporta material gr\u00e1fico centrado en animales y  naturaleza que ha sido proyectado en los conciertos del cantante durante su gira  por Espa\u00f1a y que transmiten el mensaje conservacionista que difunde el disco de  Manolo Garc\u00eda.<\/p>\n<p>El fot\u00f3grafo emeritense, que recoge la flora y fauna extreme\u00f1a, ha explicado  que la fotograf\u00eda es para \u00e9l \u00abuna forma de llevar a casa parte de esa naturaleza  sin alterarla\u00bb.<\/p>\n<p>La exposici\u00f3n cuenta con el apoyo y la financiaci\u00f3n del Ayuntamiento de  M\u00e9rida y la colaboraci\u00f3n de la asociaci\u00f3n Adenex, en cuyas campa\u00f1as ha  participado Ben\u00edtez, miembro de este grupo conservacionista.<\/p>\n<p>Descarga el tr\u00edptico en PDF: <a href=\"http:\/\/www.adenex.org\/images\/adjuntos\/saldremosalalluvia.pdf\" target=\"_blank\">AQU\u00cd<\/a><\/p>\n","protected":false},"excerpt":{"rendered":"<p>El cantante Manolo Garc\u00eda y el fot\u00f3grafo emeritense Jos\u00e9 Mar\u00eda Ben\u00edtez Cidoncha muestran desde hoy algunas de sus instant\u00e1neas en la exposici\u00f3n \u00abSaldremos a la lluvia\u00bb, algunas tomadas por el propio Manolo Garc\u00eda durante la preparaci\u00f3n de su \u00faltimo disco en mayo y en su posterior gira por Am\u00e9rica y Espa\u00f1a. Desc\u00e1rgate el tr\u00edptico informativo<a class=\"moretag\" href=\"https:\/\/www.manologarciaycia.com\/?p=328\" title=\"El cantante Manolo Garc\u00eda muestra en M\u00e9rida su faceta fotogr\u00e1fica\" target=\"_self\" rel=\"follow\"> <font face=arial size=2>[Leer m\u00e1s]<\/font> <\/a><\/p>\n","protected":false},"author":2,"featured_media":0,"comment_status":"closed","ping_status":"open","sticky":false,"template":"","format":"standard","meta":{"footnotes":""},"categories":[1],"tags":[68],"class_list":["post-328","post","type-post","status-publish","format-standard","hentry","category-manolo-garcia","tag-manolo-garcia-fotografia-saldremos-exposicion-lluvia-jose-maria-benitez-fotografia"],"_links":{"self":[{"href":"https:\/\/www.manologarciaycia.com\/index.php?rest_route=\/wp\/v2\/posts\/328","targetHints":{"allow":["GET"]}}],"collection":[{"href":"https:\/\/www.manologarciaycia.com\/index.php?rest_route=\/wp\/v2\/posts"}],"about":[{"href":"https:\/\/www.manologarciaycia.com\/index.php?rest_route=\/wp\/v2\/types\/post"}],"author":[{"embeddable":true,"href":"https:\/\/www.manologarciaycia.com\/index.php?rest_route=\/wp\/v2\/users\/2"}],"replies":[{"embeddable":true,"href":"https:\/\/www.manologarciaycia.com\/index.php?rest_route=%2Fwp%2Fv2%2Fcomments&post=328"}],"version-history":[{"count":6,"href":"https:\/\/www.manologarciaycia.com\/index.php?rest_route=\/wp\/v2\/posts\/328\/revisions"}],"predecessor-version":[{"id":336,"href":"https:\/\/www.manologarciaycia.com\/index.php?rest_route=\/wp\/v2\/posts\/328\/revisions\/336"}],"wp:attachment":[{"href":"https:\/\/www.manologarciaycia.com\/index.php?rest_route=%2Fwp%2Fv2%2Fmedia&parent=328"}],"wp:term":[{"taxonomy":"category","embeddable":true,"href":"https:\/\/www.manologarciaycia.com\/index.php?rest_route=%2Fwp%2Fv2%2Fcategories&post=328"},{"taxonomy":"post_tag","embeddable":true,"href":"https:\/\/www.manologarciaycia.com\/index.php?rest_route=%2Fwp%2Fv2%2Ftags&post=328"}],"curies":[{"name":"wp","href":"https:\/\/api.w.org\/{rel}","templated":true}]}}