{"id":32,"date":"2009-11-02T10:01:40","date_gmt":"2009-11-02T09:01:40","guid":{"rendered":"http:\/\/petaos.net\/?p=32"},"modified":"2009-11-06T16:23:51","modified_gmt":"2009-11-06T15:23:51","slug":"quimi-portet-este-es-mi-oficio-y-me-gusta","status":"publish","type":"post","link":"https:\/\/www.manologarciaycia.com\/?p=32","title":{"rendered":"Quimi Portet: \u00ab&#8230;\u00e9ste es mi oficio y me gusta&#8230;\u00bb"},"content":{"rendered":"<p><img decoding=\"async\" src=\"http:\/\/img14.imageshack.us\/img14\/4522\/12561097544592110portet.jpg\" alt=\"Qimi Portet\" \/><\/p>\n<p>Quimi Portet, que ayer cumpli\u00f3 52 a\u00f1os, regresa ma\u00f1ana a Tarragona (Sala Zero, 22.00 horas), dentro del Festival In-Somni, para presentar su sexto disco en solitario: \u00ab<em>Viatge a Montserrat\u00bb.<\/em><\/p>\n<p><strong>Hace 10 a\u00f1os cantaba que estaba \u2018fart de fer frases fetes, can\u00e7ons i rimetes\u2019, pero veo que contin\u00faa componiendo.<\/strong><\/p>\n<p>Lo cierto es que ahora ya no hago frases hechas. Bromas aparte, \u00e9ste es mi oficio y me gusta, aunque en algunos momentos de mi vida pueda manifestarme de forma m\u00e1s o menos optimista.<\/p>\n<p><strong>Empieza su disco con \u2018M\u00fasica para cremar autobusos\u2019. \u00bfNo teme que le acusen de incitar a la violencia?<\/strong><\/p>\n<p>No, porque cuando yo hago la m\u00fasica el autob\u00fas ya est\u00e1 ardiendo.<\/p>\n<p><strong>Este inicio instrumental podr\u00eda definirse como un western \u2018made in\u2019 Osona.<\/strong><\/p>\n<p>Yo nac\u00ed en 1957 y en mi casa, en los sesenta, se escuchaba m\u00fasica americana e inglesa porque mi madre era una fan\u00e1tica. Seguramente hay una sonoridad a los Shadows en esta canci\u00f3n. Es un homenaje indirecto a mi madre.<\/p>\n<p><strong>Ha titulado su gira como World Tour&#8230;<\/strong><\/p>\n<p>De momento me llaman s\u00f3lo de Catalunya, pero estoy preparado para ir a donde me llamen, incluso a la Isla de Pascua.<\/p>\n<p><strong>\u00a0<\/strong><\/p>\n<p><strong>Pero un World Tour sin pasar por Reus ya no es tan World Tour como dice.<\/strong><\/p>\n<p>Siempre he actuado en todas mis giras en Reus, estoy convencido de que me llamar\u00e1n.<\/p>\n<p><strong>\u00bfVe realmente a Catalunya llena de pol\u00edgonos industriales y granjas de cerdos?<\/strong><\/p>\n<p>\u00bfHay alguien que no lo vea as\u00ed?. Cualquier persona que haya viajado por Catalunya lo puede ver, no creo que sea una imaginaci\u00f3n m\u00eda.<\/p>\n<p><strong>\u00bfHa visto c\u00f3mo se ha degenerando el paisaje?<\/strong><\/p>\n<p>No soy economista, ni ecologista ni soci\u00f3logo. Soy un simple observador del mundo y es lo que veo cuando viajo sin analizar las causas.<\/p>\n<p><strong>\u00bfUsted ha sido \u2018xirucaire\u2019?<\/strong><\/p>\n<p>Nunca, pero he vivido rodeado de xirucaires. En una \u00e9poca fue una peque\u00f1a frustraci\u00f3n no haberlo sido, pero la canci\u00f3n Excursionista hay que tomarla con humor.<\/p>\n<p><strong>El humor y la iron\u00eda se mantienen constantes en sus letras.<\/strong><\/p>\n<p>Hay una gran presencia del humor, pero tambi\u00e9n hay canciones muy serias. Como m\u00ednimo un 70% del disco es serio, pero yo soy alegre y me gusta presentar los discos con humor e iron\u00eda.<\/p>\n<p><strong>En su disco aparece varias veces el hecho de \u2018fer-ho al pavell\u00f3\u2019. \u00bfHay alguna frustraci\u00f3n en eso?<\/strong><\/p>\n<p>Si plou, ho farem al Pavell\u00f3 puede entenderse como algo positivo. Cuando yo era joven y se hac\u00edan fiestas populares, costellades o cargolades, en los carteles siempre pon\u00eda: Si plou, ho farem al pavell\u00f3.<\/p>\n<p><strong>Sabadell, Montserrat, Barcelona son lugares que aparecen en su disco. \u00bfTiene olvidado el sur?<\/strong><\/p>\n<p>No crea. En mi blog tengo una especie de obra de teatro humor\u00edstica llamada Els amants de la Fatarella y tambi\u00e9n canto a la Mare de D\u00e9u del Vinyet. Tengo una visi\u00f3n abierta al mundo.<\/p>\n<p><strong>\u00bfQu\u00e9 recuerda de su primera visita a Montserrat?<\/strong><\/p>\n<p>No recuerdo nada. Fui a Montserrat de peque\u00f1o. Creo que hab\u00eda unos ni\u00f1os que cantaban.<\/p>\n<p><strong>\u00bfHa regresado a Montserrat?<\/strong><\/p>\n<p>No. El disco se titula Viatje a Montserrat por cuestiones rom\u00e1nticas. Me gusta la palabra viaje y el nombre de Montserrat.<\/p>\n<p><strong>Sigue grabando el disco usted solo. \u00bfPor qu\u00e9?<\/strong><\/p>\n<p>En todos los discos he tenido colaboradores, como Albert Pla o Antonio Fidel. S\u00f3lo en Can\u00e7oner electromagn\u00e8tic no entr\u00f3 ni una sola persona al estudio. Me gusta trabajar solo, aunque tambi\u00e9n he demostrado que s\u00e9 trabajar en equipo, pero cuando yo lo decido.<\/p>\n<p><strong>Usted ha compuesto un centenar largo de canciones para sus proyectos. \u00bfNunca le han pedido temas otros artistas?<\/strong><\/p>\n<p>Cuando era pobre y las pasaba canutas ofrec\u00ed canciones a muchas personas y siempre me las rechazaron, aunque he pasado 16 a\u00f1os componiendo canciones para que las cantara Manolo Garc\u00eda.<\/p>\n<p><strong>\u00bfLe ha llegado alg\u00fan se\u00f1or con un suculento tal\u00f3n para que vuelva El \u00daltimo de la Fila?<\/strong><\/p>\n<p>Hemos dicho muchas veces que nunca volveremos a tocar juntos. Los dos hacemos m\u00fasica y hacemos lo que realmente queremos. Si fu\u00e9ramos vendedores de seguros, quiz\u00e1s decidi\u00e9remos volver.<\/p>\n<p><strong>\u00bfCu\u00e1les son sus ambiciones?<\/strong><\/p>\n<p>Mi ambici\u00f3n es la de todo el mundo: vivir sin trabajar. Quien diga lo contrario miente.<\/p>\n<p><strong>\u00bfCanta para alguien especial?<\/strong><\/p>\n<p>Hago m\u00fasica popular, ni canto para un pa\u00eds, ni para una ideolog\u00eda, ni para una generaci\u00f3n ni para una edad determinada. Canto para quien pase por all\u00ed.<\/p>\n<p>Fuente: Diari de Tarragona &#8211; <a href=\"http:\/\/www.diaridetarragona.com\/revista\/035667\/mi\/ambicion\/mundo\/vivir\/trabajar\" target=\"_blank\">Enlace<\/a><\/p>\n","protected":false},"excerpt":{"rendered":"<p>Quimi Portet, que ayer cumpli\u00f3 52 a\u00f1os, regresa ma\u00f1ana a Tarragona (Sala Zero, 22.00 horas), dentro del Festival In-Somni, para presentar su sexto disco en solitario: \u00abViatge a Montserrat\u00bb. Hace 10 a\u00f1os cantaba que estaba \u2018fart de fer frases fetes, can\u00e7ons i rimetes\u2019, pero veo que contin\u00faa componiendo. Lo cierto es que ahora ya no<a class=\"moretag\" href=\"https:\/\/www.manologarciaycia.com\/?p=32\" title=\"Quimi Portet: \u00ab&#8230;\u00e9ste es mi oficio y me gusta&#8230;\u00bb\" target=\"_self\" rel=\"follow\"> <font face=arial size=2>[Leer m\u00e1s]<\/font> <\/a><\/p>\n","protected":false},"author":2,"featured_media":0,"comment_status":"closed","ping_status":"closed","sticky":false,"template":"","format":"standard","meta":{"footnotes":""},"categories":[9],"tags":[13,11,10,12],"class_list":["post-32","post","type-post","status-publish","format-standard","hentry","category-qumi-portet","tag-montserrat","tag-portet","tag-quimi","tag-viatge"],"_links":{"self":[{"href":"https:\/\/www.manologarciaycia.com\/index.php?rest_route=\/wp\/v2\/posts\/32","targetHints":{"allow":["GET"]}}],"collection":[{"href":"https:\/\/www.manologarciaycia.com\/index.php?rest_route=\/wp\/v2\/posts"}],"about":[{"href":"https:\/\/www.manologarciaycia.com\/index.php?rest_route=\/wp\/v2\/types\/post"}],"author":[{"embeddable":true,"href":"https:\/\/www.manologarciaycia.com\/index.php?rest_route=\/wp\/v2\/users\/2"}],"replies":[{"embeddable":true,"href":"https:\/\/www.manologarciaycia.com\/index.php?rest_route=%2Fwp%2Fv2%2Fcomments&post=32"}],"version-history":[{"count":7,"href":"https:\/\/www.manologarciaycia.com\/index.php?rest_route=\/wp\/v2\/posts\/32\/revisions"}],"predecessor-version":[{"id":102,"href":"https:\/\/www.manologarciaycia.com\/index.php?rest_route=\/wp\/v2\/posts\/32\/revisions\/102"}],"wp:attachment":[{"href":"https:\/\/www.manologarciaycia.com\/index.php?rest_route=%2Fwp%2Fv2%2Fmedia&parent=32"}],"wp:term":[{"taxonomy":"category","embeddable":true,"href":"https:\/\/www.manologarciaycia.com\/index.php?rest_route=%2Fwp%2Fv2%2Fcategories&post=32"},{"taxonomy":"post_tag","embeddable":true,"href":"https:\/\/www.manologarciaycia.com\/index.php?rest_route=%2Fwp%2Fv2%2Ftags&post=32"}],"curies":[{"name":"wp","href":"https:\/\/api.w.org\/{rel}","templated":true}]}}