{"id":308,"date":"2010-01-27T17:34:08","date_gmt":"2010-01-27T16:34:08","guid":{"rendered":"http:\/\/petaos.net\/?p=308"},"modified":"2010-01-29T12:15:09","modified_gmt":"2010-01-29T11:15:09","slug":"mg-rock-in-rio-madrid-presenta-una-subasta-solidaria-con-5-guitarras-firmadas","status":"publish","type":"post","link":"https:\/\/www.manologarciaycia.com\/?p=308","title":{"rendered":"MG: \u00abRock in Rio\u00bb Madrid presenta una subasta solidaria con 5 guitarras firmadas"},"content":{"rendered":"<p>Las guitarras -firmadas entre otros artistas por Sting, El Canto del Loco, Alejandro Sanz, Manolo Garc\u00eda, Caf\u00e9 Tacuba o Jos\u00e9 Mu\u00f1oz de Estopa- y el casco, comenzar\u00e1n a venderse a finales de febrero en el portal de subastas de internet \u00abEbay\u00bb.<\/p>\n<p>Fuente: ABC. <\/p>\n<p>Los fondos que se recojan ir\u00e1n destinados a la ONG \u00abAy\u00fadales a vivir\u00bb, organizaci\u00f3n en la que colabora Simoneta G\u00f3mez-Acebedo y que actualmente centra sus proyectos en Per\u00fa.<br \/>\nEl festival, que este a\u00f1o celebra su segunda edici\u00f3n en Madrid y su 25 aniversario, comienza con este primer acto su andadura solidaria de 2010.<\/p>\n<p>La vocaci\u00f3n social que caracteriza el festival se ha materializado en a\u00f1os anteriores con proyectos educativos en Brasil y Portugal, o con programas medioambientales, como la creaci\u00f3n del \u00abbosque de la m\u00fasica\u00bb en Madrid.<br \/>\nEl medio ambiente seguir\u00e1 siendo el principal eje del proyecto social del evento en Madrid, seg\u00fan declaraciones a Efe de su presidente, quien adem\u00e1s insisti\u00f3 en la preocupaci\u00f3n de la direcci\u00f3n por cuidar no s\u00f3lo el \u00abbackstage\u00bb del escenario, sino tambi\u00e9n el \u00abfrente\u00bb, es decir, \u00abpor c\u00f3mo va a disfrutar el p\u00fablico\u00bb.<br \/>\nPor otro lado, ma\u00f1ana se conocer\u00e1n otros dos nombres m\u00e1s de \u00abgrandes cantantes\u00bb que participar\u00e1n en el festival, ha apuntado Medina a Efe.<br \/>\n\u00abRock in Rio Madrid 2010\u00bb celebrar\u00e1 su segunda edici\u00f3n en junio, en Arganda del Rey.<\/p>\n<p>Las entradas estar\u00e1n a la venta a partir del 23 febrero. EFE.<\/p>\n<p>Fuente: ABC &#8211; <a href=\"http:\/\/www.abc.es\/agencias\/noticia.asp?noticia=250782\" target=\"_blank\">ENLACE<\/a><\/p>\n","protected":false},"excerpt":{"rendered":"<p>Las guitarras -firmadas entre otros artistas por Sting, El Canto del Loco, Alejandro Sanz, Manolo Garc\u00eda, Caf\u00e9 Tacuba o Jos\u00e9 Mu\u00f1oz de Estopa- y el casco, comenzar\u00e1n a venderse a finales de febrero en el portal de subastas de internet \u00abEbay\u00bb. Fuente: ABC. Los fondos que se recojan ir\u00e1n destinados a la ONG \u00abAy\u00fadales a<a class=\"moretag\" href=\"https:\/\/www.manologarciaycia.com\/?p=308\" title=\"MG: \u00abRock in Rio\u00bb Madrid presenta una subasta solidaria con 5 guitarras firmadas\" target=\"_self\" rel=\"follow\"> <font face=arial size=2>[Leer m\u00e1s]<\/font> <\/a><\/p>\n","protected":false},"author":2,"featured_media":0,"comment_status":"closed","ping_status":"open","sticky":false,"template":"","format":"standard","meta":{"footnotes":""},"categories":[1],"tags":[63],"class_list":["post-308","post","type-post","status-publish","format-standard","hentry","category-manolo-garcia","tag-manolo-garcia-concierto-rock-in-rio-subasta-solidaria"],"_links":{"self":[{"href":"https:\/\/www.manologarciaycia.com\/index.php?rest_route=\/wp\/v2\/posts\/308","targetHints":{"allow":["GET"]}}],"collection":[{"href":"https:\/\/www.manologarciaycia.com\/index.php?rest_route=\/wp\/v2\/posts"}],"about":[{"href":"https:\/\/www.manologarciaycia.com\/index.php?rest_route=\/wp\/v2\/types\/post"}],"author":[{"embeddable":true,"href":"https:\/\/www.manologarciaycia.com\/index.php?rest_route=\/wp\/v2\/users\/2"}],"replies":[{"embeddable":true,"href":"https:\/\/www.manologarciaycia.com\/index.php?rest_route=%2Fwp%2Fv2%2Fcomments&post=308"}],"version-history":[{"count":4,"href":"https:\/\/www.manologarciaycia.com\/index.php?rest_route=\/wp\/v2\/posts\/308\/revisions"}],"predecessor-version":[{"id":324,"href":"https:\/\/www.manologarciaycia.com\/index.php?rest_route=\/wp\/v2\/posts\/308\/revisions\/324"}],"wp:attachment":[{"href":"https:\/\/www.manologarciaycia.com\/index.php?rest_route=%2Fwp%2Fv2%2Fmedia&parent=308"}],"wp:term":[{"taxonomy":"category","embeddable":true,"href":"https:\/\/www.manologarciaycia.com\/index.php?rest_route=%2Fwp%2Fv2%2Fcategories&post=308"},{"taxonomy":"post_tag","embeddable":true,"href":"https:\/\/www.manologarciaycia.com\/index.php?rest_route=%2Fwp%2Fv2%2Ftags&post=308"}],"curies":[{"name":"wp","href":"https:\/\/api.w.org\/{rel}","templated":true}]}}