{"id":298,"date":"2010-01-25T18:42:54","date_gmt":"2010-01-25T17:42:54","guid":{"rendered":"http:\/\/petaos.net\/?p=298"},"modified":"2010-01-25T18:44:50","modified_gmt":"2010-01-25T17:44:50","slug":"langa-video-oficial-presentacion-artistas-invitados","status":"publish","type":"post","link":"https:\/\/www.manologarciaycia.com\/?p=298","title":{"rendered":"LANGA: Video Oficial Presentaci\u00f3n + Artistas Invitados"},"content":{"rendered":"<p style=\"text-align: center;\"><strong>LANGA + ARTISTAS INVITADOS EN RITMO Y COMP\u00c1S (Madrid 19\/12\/09):<\/strong><\/p>\n<p style=\"text-align: center;\"><object classid=\"clsid:d27cdb6e-ae6d-11cf-96b8-444553540000\" width=\"425px\" height=\"360px\" codebase=\"http:\/\/download.macromedia.com\/pub\/shockwave\/cabs\/flash\/swflash.cab#version=6,0,40,0\"><param name=\"allowFullScreen\" value=\"true\" \/><param name=\"wmode\" value=\"transparent\" \/><param name=\"src\" value=\"http:\/\/mediaservices.myspace.com\/services\/media\/embed.aspx\/m=102421553,t=1,mt=video\" \/><param name=\"allowfullscreen\" value=\"true\" \/><embed type=\"application\/x-shockwave-flash\" width=\"425px\" height=\"360px\" src=\"http:\/\/mediaservices.myspace.com\/services\/media\/embed.aspx\/m=102421553,t=1,mt=video\" wmode=\"transparent\" allowfullscreen=\"true\"><\/embed><\/object><\/p>\n<p style=\"text-align: center;\"><strong>Os recordamos que LANGA actuar\u00e1 el pr\u00f3ximo:<\/strong><\/p>\n<p style=\"text-align: center;\"><strong>3 de Febrero &#8211; Sala M\u00e1rmara (Madrid) &#8211; 23.30h \u00a1Entrada gratuita!<\/strong><\/p>\n","protected":false},"excerpt":{"rendered":"<p>LANGA + ARTISTAS INVITADOS EN RITMO Y COMP\u00c1S (Madrid 19\/12\/09): Os recordamos que LANGA actuar\u00e1 el pr\u00f3ximo: 3 de Febrero &#8211; Sala M\u00e1rmara (Madrid) &#8211; 23.30h \u00a1Entrada gratuita!<a class=\"moretag\" href=\"https:\/\/www.manologarciaycia.com\/?p=298\" title=\"LANGA: Video Oficial Presentaci\u00f3n + Artistas Invitados\" target=\"_self\" rel=\"follow\"> <font face=arial size=2>[Leer m\u00e1s]<\/font> <\/a><\/p>\n","protected":false},"author":2,"featured_media":0,"comment_status":"closed","ping_status":"open","sticky":false,"template":"","format":"standard","meta":{"footnotes":""},"categories":[1,23],"tags":[60],"class_list":["post-298","post","type-post","status-publish","format-standard","hentry","category-manolo-garcia","category-otros","tag-langa-concierto-video-invitados-manolo-garcia"],"_links":{"self":[{"href":"https:\/\/www.manologarciaycia.com\/index.php?rest_route=\/wp\/v2\/posts\/298","targetHints":{"allow":["GET"]}}],"collection":[{"href":"https:\/\/www.manologarciaycia.com\/index.php?rest_route=\/wp\/v2\/posts"}],"about":[{"href":"https:\/\/www.manologarciaycia.com\/index.php?rest_route=\/wp\/v2\/types\/post"}],"author":[{"embeddable":true,"href":"https:\/\/www.manologarciaycia.com\/index.php?rest_route=\/wp\/v2\/users\/2"}],"replies":[{"embeddable":true,"href":"https:\/\/www.manologarciaycia.com\/index.php?rest_route=%2Fwp%2Fv2%2Fcomments&post=298"}],"version-history":[{"count":4,"href":"https:\/\/www.manologarciaycia.com\/index.php?rest_route=\/wp\/v2\/posts\/298\/revisions"}],"predecessor-version":[{"id":302,"href":"https:\/\/www.manologarciaycia.com\/index.php?rest_route=\/wp\/v2\/posts\/298\/revisions\/302"}],"wp:attachment":[{"href":"https:\/\/www.manologarciaycia.com\/index.php?rest_route=%2Fwp%2Fv2%2Fmedia&parent=298"}],"wp:term":[{"taxonomy":"category","embeddable":true,"href":"https:\/\/www.manologarciaycia.com\/index.php?rest_route=%2Fwp%2Fv2%2Fcategories&post=298"},{"taxonomy":"post_tag","embeddable":true,"href":"https:\/\/www.manologarciaycia.com\/index.php?rest_route=%2Fwp%2Fv2%2Ftags&post=298"}],"curies":[{"name":"wp","href":"https:\/\/api.w.org\/{rel}","templated":true}]}}