{"id":291,"date":"2010-01-25T12:26:33","date_gmt":"2010-01-25T11:26:33","guid":{"rendered":"http:\/\/petaos.net\/?p=291"},"modified":"2010-01-26T09:01:13","modified_gmt":"2010-01-26T08:01:13","slug":"mg-exposicion-de-fotografias-en-merida","status":"publish","type":"post","link":"https:\/\/www.manologarciaycia.com\/?p=291","title":{"rendered":"Exposici\u00f3n de Fotograf\u00edas de Jos\u00e9 Mar\u00eda Benitez y Manolo Garc\u00eda en M\u00e9rida"},"content":{"rendered":"<p style=\"text-align: center;\"><img loading=\"lazy\" decoding=\"async\" class=\"aligncenter\" src=\"http:\/\/4.bp.blogspot.com\/_-lUTDgPetqk\/S11zL3wlehI\/AAAAAAAAAdM\/ko0y1kjD2-o\/s400\/portada-blog.jpg\" alt=\"\" width=\"400\" height=\"351\" \/><\/p>\n<p style=\"text-align: left;\">\n<p style=\"text-align: left;\">Jos\u00e9 Mar\u00eda Benitez nos informa de que va a exponer sus fotograf\u00edas, junto a las de <strong>Manolo Garc\u00eda<\/strong>, en M\u00e9rida, concretamente en el Museo Abierto de M\u00e9rida (MAM).<\/p>\n<p style=\"text-align: left;\">Se llamar\u00e1 <strong>\u00abSaldremos a la lluvia\u00bb<\/strong> y en el expondr\u00e1n sus trabajos durante todo el mes de Febrero. La inauguraci\u00f3n ser\u00e1 este pr\u00f3ximo viernes, as\u00ed que estamos todos invitados.<\/p>\n<p style=\"text-align: left;\">Fuente: Jos\u00e9 Mar\u00eda Benitez &#8211; Fotogaler\u00eda: <a href=\"http:\/\/www.fotonatura.org\/galerias\/general\/326035\/\" target=\"_blank\">ENLACE<\/a> &#8211; Blog Atahorma &#8211; <a href=\"http:\/\/atahorma.blogspot.com\/\" target=\"_blank\">ENLACE<\/a><\/p>\n","protected":false},"excerpt":{"rendered":"<p>Jos\u00e9 Mar\u00eda Benitez nos informa de que va a exponer sus fotograf\u00edas, junto a las de Manolo Garc\u00eda, en M\u00e9rida, concretamente en el Museo Abierto de M\u00e9rida (MAM). Se llamar\u00e1 \u00abSaldremos a la lluvia\u00bb y en el expondr\u00e1n sus trabajos durante todo el mes de Febrero. La inauguraci\u00f3n ser\u00e1 este pr\u00f3ximo viernes, as\u00ed que estamos<a class=\"moretag\" href=\"https:\/\/www.manologarciaycia.com\/?p=291\" title=\"Exposici\u00f3n de Fotograf\u00edas de Jos\u00e9 Mar\u00eda Benitez y Manolo Garc\u00eda en M\u00e9rida\" target=\"_self\" rel=\"follow\"> <font face=arial size=2>[Leer m\u00e1s]<\/font> <\/a><\/p>\n","protected":false},"author":2,"featured_media":0,"comment_status":"closed","ping_status":"open","sticky":false,"template":"","format":"standard","meta":{"footnotes":""},"categories":[1,23],"tags":[59],"class_list":["post-291","post","type-post","status-publish","format-standard","hentry","category-manolo-garcia","category-otros","tag-fotografia-manolo-garcia-saldremos-lluvia-jose-maria-benitez-zorro"],"_links":{"self":[{"href":"https:\/\/www.manologarciaycia.com\/index.php?rest_route=\/wp\/v2\/posts\/291","targetHints":{"allow":["GET"]}}],"collection":[{"href":"https:\/\/www.manologarciaycia.com\/index.php?rest_route=\/wp\/v2\/posts"}],"about":[{"href":"https:\/\/www.manologarciaycia.com\/index.php?rest_route=\/wp\/v2\/types\/post"}],"author":[{"embeddable":true,"href":"https:\/\/www.manologarciaycia.com\/index.php?rest_route=\/wp\/v2\/users\/2"}],"replies":[{"embeddable":true,"href":"https:\/\/www.manologarciaycia.com\/index.php?rest_route=%2Fwp%2Fv2%2Fcomments&post=291"}],"version-history":[{"count":6,"href":"https:\/\/www.manologarciaycia.com\/index.php?rest_route=\/wp\/v2\/posts\/291\/revisions"}],"predecessor-version":[{"id":303,"href":"https:\/\/www.manologarciaycia.com\/index.php?rest_route=\/wp\/v2\/posts\/291\/revisions\/303"}],"wp:attachment":[{"href":"https:\/\/www.manologarciaycia.com\/index.php?rest_route=%2Fwp%2Fv2%2Fmedia&parent=291"}],"wp:term":[{"taxonomy":"category","embeddable":true,"href":"https:\/\/www.manologarciaycia.com\/index.php?rest_route=%2Fwp%2Fv2%2Fcategories&post=291"},{"taxonomy":"post_tag","embeddable":true,"href":"https:\/\/www.manologarciaycia.com\/index.php?rest_route=%2Fwp%2Fv2%2Ftags&post=291"}],"curies":[{"name":"wp","href":"https:\/\/api.w.org\/{rel}","templated":true}]}}