{"id":289,"date":"2010-01-25T11:31:22","date_gmt":"2010-01-25T10:31:22","guid":{"rendered":"http:\/\/petaos.net\/?p=289"},"modified":"2010-01-25T11:31:22","modified_gmt":"2010-01-25T10:31:22","slug":"quimi-portet-%e2%80%9csi-el-ultimo-de-la-fila-cantara-en-catalan-yo-no-habria-hecho-este-disco-en-solitario%e2%80%9d-inedita-1997","status":"publish","type":"post","link":"https:\/\/www.manologarciaycia.com\/?p=289","title":{"rendered":"Quimi Portet: \u201cSi El \u00daltimo de la Fila cantara en catal\u00e1n yo no habr\u00eda hecho este disco en solitario\u201d (in\u00e9dita 1997)"},"content":{"rendered":"<p><strong>Extracto de otra entrevista de 1997 que qued\u00f3 in\u00e9dita  debido a que la revista que la iba a publicar cerr\u00f3 antes de salir el n\u00famero a  la calle.<\/strong><\/p>\n<p>Oficialmente, Quimi Portet est\u00e1 de vacaciones. Pero  yo lo tengo sentado ante m\u00ed y me habla de un nuevo disco en solitario que est\u00e1 a  punto de publicarse: \u00abhe venido de estranquis, no se lo digas a nadie\u00bb. No, no es ning\u00fan secreto,  es una frase extra\u00edda de <em>La Rambla<\/em>, la canci\u00f3n que figura como sencillo de presentaci\u00f3n  del excelente <em>Hockey sobre piedras<\/em>, el segundo disco de Quimo Portet.<\/p>\n<p>Fuente: Aviso de Anai (gracias!) &#8211; Fuente: Blog Aib\u00f3m\u00fasica <a href=\"http:\/\/aibomusica.blogspot.com\/2010\/01\/entrevista-inedita-quimi-portet-el.html\" target=\"_blank\">ENLACE<\/a> &#8211;<\/p>\n<p><strong>\u00bfCu\u00e1l es la historia de  este disco? <\/strong><\/p>\n<p>Cuando acabamos la \u00faltima  gira, Manolo y yo decidimos parar durante un tiempo. Pensaba hacer vacaciones,  pero empec\u00e9 a componer y fueron saliendo estas canciones. La primera idea era  hacer un disco por pas\u00e1rmelo bien y que quiz\u00e1s ni publicar\u00eda.<\/p>\n<p><strong>\u00bfY como ha ido la grabaci\u00f3n?<\/strong><\/p>\n<p>A m\u00ed me gusta el trabajo de  estudio, porque te obliga a una introspecci\u00f3n y a una forma de trabajar en  equipo que es muy especial. Adem\u00e1s, este vez todo fue bien porque no hubo  ninguna presi\u00f3n, puesto que, de hecho, nadie esperaba este disco.<\/p>\n<p><strong>\u00bfSaldr\u00e1s a presentarlo en  directo? <\/strong><\/p>\n<p>No. Hacer ahora una gira  supondr\u00eda montar un grupo \u2013porque el disco lo he hecho tocando yo muchos de los  instrumentos\u2013 y ensayar, y no tendr\u00eda ning\u00fan sentido haber parado con El \u00daltimo  de la Fila, precisamente por romper la  din\u00e1mica gira-disco, y que ahora hiciera el mismo en solitario.<\/p>\n<p><strong>No s\u00f3lo cantas en catal\u00e1n, la tem\u00e1tica del disco  tambi\u00e9n es mediterr\u00e1nea. Con El \u00daltimo <\/strong><strong>de la Fila, la voz del Manolo y la m\u00fasica eran m\u00e1s  del sur. \u00bfHas hecho algo que no puedes cuando formas parte del  grupo?<\/strong><\/p>\n<p>No exactamente. Yo creo que  la tem\u00e1tica es muy parecida a la de El \u00daltimo. La \u00fanica diferencia es que yo conozco mucho mejor  la lengua catalana que la castellana, y esto se nota. Yo, por ejemplo, no puedo  hacer un uso parecido de las expresiones populares y de los refranes  castellanos. De todos modos no he pretendido tocar temas folcl\u00f3ricos; pienso que  es un disco que puede entender todo el mundo.<\/p>\n<p><strong>Te lo dec\u00eda porque muchos m\u00fasicos se acaban viendo  atrapados en aquello que les ha funcionado y aprovechan descansos del grupo para  hacer cosas que, a menudo, acostumbran a ser bastante diferentes de lo que hacen  con su banda.<\/strong><\/p>\n<p>Esto es cierto. Bien, el  tema de la lengua es b\u00e1sico para m\u00ed. Seguramente, si El \u00daltimo de la Fila cantara en catal\u00e1n yo no habr\u00eda hecho  este disco. Tampoco es que est\u00e9 frustrado, pero me sabe mal, por ejemplo, que mi  hija tenga que leer toda la vida cosas m\u00edas en castellano.<\/p>\n<p><strong>En tus textos se aprecia una  preocupaci\u00f3n por la rima<\/strong><\/p>\n<p>Es que yo pienso que esta es  la diferencia entre una noticia del diario y una letra para una canci\u00f3n. No s\u00f3lo  busco la rima, sino tambi\u00e9n el ritmo, que los acentos coincidan con el ritmo de  la canci\u00f3n. Me sale de una forma bastante natural.<\/p>\n<p><strong>Algunas letras de las canciones de El  \u00daltimo<\/strong><strong> de la Fila me gusta m\u00e1s  leerlas que escucharlas. Esto no me ha pasado con este disco.<\/strong><\/p>\n<p>No lo hab\u00eda pensado nunca&#8230;  quiz\u00e1s es porque soy un m\u00fasico que canta. Manolo es un cantante y, a veces, su  expresividad puede pasar por encima de la canci\u00f3n. Como yo siempre estoy tocando  la guitarra, a m\u00ed no me importa estar dos compases en silencio, en cambio, el  estilo de El \u00daltimo de la Fila es m\u00e1s  fluido y puede que para el purista del rock haya un alud de voz o expresividad  que reste musicalidad o ritmo al conjunto.<\/p>\n<p><strong>\u00bfAlguna novedad respeto a El  \u00daltimo de la Fila?<\/strong><\/p>\n<p>Por  el momento nada; estamos de vacaciones.<\/p>\n","protected":false},"excerpt":{"rendered":"<p>Extracto de otra entrevista de 1997 que qued\u00f3 in\u00e9dita debido a que la revista que la iba a publicar cerr\u00f3 antes de salir el n\u00famero a la calle. Oficialmente, Quimi Portet est\u00e1 de vacaciones. Pero yo lo tengo sentado ante m\u00ed y me habla de un nuevo disco en solitario que est\u00e1 a punto de<a class=\"moretag\" href=\"https:\/\/www.manologarciaycia.com\/?p=289\" title=\"Quimi Portet: \u201cSi El \u00daltimo de la Fila cantara en catal\u00e1n yo no habr\u00eda hecho este disco en solitario\u201d (in\u00e9dita 1997)\" target=\"_self\" rel=\"follow\"> <font face=arial size=2>[Leer m\u00e1s]<\/font> <\/a><\/p>\n","protected":false},"author":2,"featured_media":0,"comment_status":"closed","ping_status":"open","sticky":false,"template":"","format":"standard","meta":{"footnotes":""},"categories":[3],"tags":[58],"class_list":["post-289","post","type-post","status-publish","format-standard","hentry","category-el-ultimo-de-la-fila","tag-quimi-portet-entrevista-ultimo-fila-catalan-manolo-garcia"],"_links":{"self":[{"href":"https:\/\/www.manologarciaycia.com\/index.php?rest_route=\/wp\/v2\/posts\/289","targetHints":{"allow":["GET"]}}],"collection":[{"href":"https:\/\/www.manologarciaycia.com\/index.php?rest_route=\/wp\/v2\/posts"}],"about":[{"href":"https:\/\/www.manologarciaycia.com\/index.php?rest_route=\/wp\/v2\/types\/post"}],"author":[{"embeddable":true,"href":"https:\/\/www.manologarciaycia.com\/index.php?rest_route=\/wp\/v2\/users\/2"}],"replies":[{"embeddable":true,"href":"https:\/\/www.manologarciaycia.com\/index.php?rest_route=%2Fwp%2Fv2%2Fcomments&post=289"}],"version-history":[{"count":1,"href":"https:\/\/www.manologarciaycia.com\/index.php?rest_route=\/wp\/v2\/posts\/289\/revisions"}],"predecessor-version":[{"id":290,"href":"https:\/\/www.manologarciaycia.com\/index.php?rest_route=\/wp\/v2\/posts\/289\/revisions\/290"}],"wp:attachment":[{"href":"https:\/\/www.manologarciaycia.com\/index.php?rest_route=%2Fwp%2Fv2%2Fmedia&parent=289"}],"wp:term":[{"taxonomy":"category","embeddable":true,"href":"https:\/\/www.manologarciaycia.com\/index.php?rest_route=%2Fwp%2Fv2%2Fcategories&post=289"},{"taxonomy":"post_tag","embeddable":true,"href":"https:\/\/www.manologarciaycia.com\/index.php?rest_route=%2Fwp%2Fv2%2Ftags&post=289"}],"curies":[{"name":"wp","href":"https:\/\/api.w.org\/{rel}","templated":true}]}}