{"id":275,"date":"2010-01-19T09:49:14","date_gmt":"2010-01-19T08:49:14","guid":{"rendered":"http:\/\/petaos.net\/?p=275"},"modified":"2010-01-19T13:18:00","modified_gmt":"2010-01-19T12:18:00","slug":"anadidas-nuevas-descargas","status":"publish","type":"post","link":"https:\/\/www.manologarciaycia.com\/?p=275","title":{"rendered":"A\u00f1adidas nuevas descargas!!"},"content":{"rendered":"<p>Se han a\u00f1adido nuevas apariciones, conciertos, etc. en el \u00e1rea de <a href=\"http:\/\/petaos.net\/?page_id=63\" target=\"_self\">DESCARGAS<\/a>, como por ejemplo<\/p>\n<p>&#8211; Manolo Garc\u00eda: Aparici\u00f3n TV \u2013 Entrevista \u2013 Extremadura \u2013 Badajoz 2009<br \/>\n&#8211; Manolo Garc\u00eda: Aparici\u00f3n TV &#8211; RTVE &#8211; Sos del Rey Cat\u00f3lico 2009<br \/>\n&#8211; Manolo Garc\u00eda: Aparici\u00f3n TV &#8211; Reportaje Concierto Cabra 09 &#8211; La Opini\u00f3n de Cabra<br \/>\n&#8211; Manolo Garc\u00eda: Concierto &#8211; Los n\u00ba 1 de Los 40 Principales &#8211; Vicente Calder\u00f3n &#8211; 17\/6\/06 (9 enlaces)<br \/>\n&#8211; Manolo Garcia: Concierto &#8211; Sala Galilelo Galilei &#8211; Presentaci\u00f3n SDyS &#8211; 40Tv &#8211; Audio<br \/>\n&#8211; Manolo Garc\u00eda: Entrevista (actuaci\u00f3n) &#8211; Radio 3 &#8211; DiaroPop &#8211; 19\/10\/04<br \/>\n&#8211; Manolo Garc\u00eda: Entrevista &#8211; Radio &#8211; La Orilla &#8211; 24\/08\/04<br \/>\n&#8211; Manolo Garc\u00eda: Aparici\u00f3n TV &#8211; Lo Mas 40 &#8211; 04\/09\/04<br \/>\n\u00a0<\/p>\n<p>Gracias a quienes hicieron posible el disponer de estas descargas para compartirlas. Enlace a zona de <a href=\"http:\/\/petaos.net\/?page_id=63\" target=\"_self\">DESCARGAS<\/a>. Salut!<\/p>\n","protected":false},"excerpt":{"rendered":"<p>Se han a\u00f1adido nuevas apariciones, conciertos, etc. en el \u00e1rea de DESCARGAS, como por ejemplo &#8211; Manolo Garc\u00eda: Aparici\u00f3n TV \u2013 Entrevista \u2013 Extremadura \u2013 Badajoz 2009 &#8211; Manolo Garc\u00eda: Aparici\u00f3n TV &#8211; RTVE &#8211; Sos del Rey Cat\u00f3lico 2009 &#8211; Manolo Garc\u00eda: Aparici\u00f3n TV &#8211; Reportaje Concierto Cabra 09 &#8211; La Opini\u00f3n de Cabra<a class=\"moretag\" href=\"https:\/\/www.manologarciaycia.com\/?p=275\" title=\"A\u00f1adidas nuevas descargas!!\" target=\"_self\" rel=\"follow\"> <font face=arial size=2>[Leer m\u00e1s]<\/font> <\/a><\/p>\n","protected":false},"author":2,"featured_media":0,"comment_status":"closed","ping_status":"open","sticky":false,"template":"","format":"standard","meta":{"footnotes":""},"categories":[1],"tags":[57],"class_list":["post-275","post","type-post","status-publish","format-standard","hentry","category-manolo-garcia","tag-concierto-descarga-manolo-garcia-aparicion-tv-video-entrevista"],"_links":{"self":[{"href":"https:\/\/www.manologarciaycia.com\/index.php?rest_route=\/wp\/v2\/posts\/275","targetHints":{"allow":["GET"]}}],"collection":[{"href":"https:\/\/www.manologarciaycia.com\/index.php?rest_route=\/wp\/v2\/posts"}],"about":[{"href":"https:\/\/www.manologarciaycia.com\/index.php?rest_route=\/wp\/v2\/types\/post"}],"author":[{"embeddable":true,"href":"https:\/\/www.manologarciaycia.com\/index.php?rest_route=\/wp\/v2\/users\/2"}],"replies":[{"embeddable":true,"href":"https:\/\/www.manologarciaycia.com\/index.php?rest_route=%2Fwp%2Fv2%2Fcomments&post=275"}],"version-history":[{"count":8,"href":"https:\/\/www.manologarciaycia.com\/index.php?rest_route=\/wp\/v2\/posts\/275\/revisions"}],"predecessor-version":[{"id":286,"href":"https:\/\/www.manologarciaycia.com\/index.php?rest_route=\/wp\/v2\/posts\/275\/revisions\/286"}],"wp:attachment":[{"href":"https:\/\/www.manologarciaycia.com\/index.php?rest_route=%2Fwp%2Fv2%2Fmedia&parent=275"}],"wp:term":[{"taxonomy":"category","embeddable":true,"href":"https:\/\/www.manologarciaycia.com\/index.php?rest_route=%2Fwp%2Fv2%2Fcategories&post=275"},{"taxonomy":"post_tag","embeddable":true,"href":"https:\/\/www.manologarciaycia.com\/index.php?rest_route=%2Fwp%2Fv2%2Ftags&post=275"}],"curies":[{"name":"wp","href":"https:\/\/api.w.org\/{rel}","templated":true}]}}