{"id":265,"date":"2010-01-18T16:17:33","date_gmt":"2010-01-18T15:17:33","guid":{"rendered":"http:\/\/petaos.net\/?p=265"},"modified":"2010-01-18T16:23:11","modified_gmt":"2010-01-18T15:23:11","slug":"carmen-cancelacion-concierto-albaida-22-enero-2010","status":"publish","type":"post","link":"https:\/\/www.manologarciaycia.com\/?p=265","title":{"rendered":"Cancelado Concierto de Carmen en Albaida 22\/01\/2010"},"content":{"rendered":"<p>\u00abLa banda barcelonesa, encabezada por Carmen Garc\u00eda y Andreas Br\u00e4unig, y por causas ajenas, no podr\u00e1 realizar el concierto que estaba preparado para el dia 22 de Enero de 2010 en Albaida (Valencia).<\/p>\n<p>A petici\u00f3n del propio Sr. Jos\u00e9 Gil, promotor y m\u00e1ximo responsable de la sala \u201cEL METRO\u201d, en Albaida (Valencia), el concierto queda anulado y a la espera de nueva fecha debido a desprendimientos y mal acceso al recinto, causados por temporales de lluvia y viento.<\/p>\n<p>En nombre del grupo, rogamos disculpen las molestias ocasionadas y seguimos en contacto.<\/p>\n<p>Muchas gracias.\u00bb<\/p>\n<p>Fuente: <a href=\"http:\/\/www.facebook.com\/profile.php?id=1259743340&amp;ref=nf\" target=\"_blank\">Facebook de Carmen<\/a><\/p>\n","protected":false},"excerpt":{"rendered":"<p>\u00abLa banda barcelonesa, encabezada por Carmen Garc\u00eda y Andreas Br\u00e4unig, y por causas ajenas, no podr\u00e1 realizar el concierto que estaba preparado para el dia 22 de Enero de 2010 en Albaida (Valencia). A petici\u00f3n del propio Sr. Jos\u00e9 Gil, promotor y m\u00e1ximo responsable de la sala \u201cEL METRO\u201d, en Albaida (Valencia), el concierto queda<a class=\"moretag\" href=\"https:\/\/www.manologarciaycia.com\/?p=265\" title=\"Cancelado Concierto de Carmen en Albaida 22\/01\/2010\" target=\"_self\" rel=\"follow\"> <font face=arial size=2>[Leer m\u00e1s]<\/font> <\/a><\/p>\n","protected":false},"author":2,"featured_media":0,"comment_status":"closed","ping_status":"open","sticky":false,"template":"","format":"standard","meta":{"footnotes":""},"categories":[24],"tags":[],"class_list":["post-265","post","type-post","status-publish","format-standard","hentry","category-carmen-garcia"],"_links":{"self":[{"href":"https:\/\/www.manologarciaycia.com\/index.php?rest_route=\/wp\/v2\/posts\/265","targetHints":{"allow":["GET"]}}],"collection":[{"href":"https:\/\/www.manologarciaycia.com\/index.php?rest_route=\/wp\/v2\/posts"}],"about":[{"href":"https:\/\/www.manologarciaycia.com\/index.php?rest_route=\/wp\/v2\/types\/post"}],"author":[{"embeddable":true,"href":"https:\/\/www.manologarciaycia.com\/index.php?rest_route=\/wp\/v2\/users\/2"}],"replies":[{"embeddable":true,"href":"https:\/\/www.manologarciaycia.com\/index.php?rest_route=%2Fwp%2Fv2%2Fcomments&post=265"}],"version-history":[{"count":4,"href":"https:\/\/www.manologarciaycia.com\/index.php?rest_route=\/wp\/v2\/posts\/265\/revisions"}],"predecessor-version":[{"id":272,"href":"https:\/\/www.manologarciaycia.com\/index.php?rest_route=\/wp\/v2\/posts\/265\/revisions\/272"}],"wp:attachment":[{"href":"https:\/\/www.manologarciaycia.com\/index.php?rest_route=%2Fwp%2Fv2%2Fmedia&parent=265"}],"wp:term":[{"taxonomy":"category","embeddable":true,"href":"https:\/\/www.manologarciaycia.com\/index.php?rest_route=%2Fwp%2Fv2%2Fcategories&post=265"},{"taxonomy":"post_tag","embeddable":true,"href":"https:\/\/www.manologarciaycia.com\/index.php?rest_route=%2Fwp%2Fv2%2Ftags&post=265"}],"curies":[{"name":"wp","href":"https:\/\/api.w.org\/{rel}","templated":true}]}}