{"id":2604,"date":"2012-01-18T17:43:42","date_gmt":"2012-01-18T16:43:42","guid":{"rendered":"http:\/\/www.manologarciaycia.com\/?p=2604"},"modified":"2012-01-19T11:16:22","modified_gmt":"2012-01-19T10:16:22","slug":"mg-noticion-primer-concierto-el-2-de-febrero-en-sant-cugat","status":"publish","type":"post","link":"https:\/\/www.manologarciaycia.com\/?p=2604","title":{"rendered":"MG: Notici\u00f3n, primer concierto el 2 de Febrero en Sant Cugat"},"content":{"rendered":"<p>Manolo Garc\u00eda volver\u00e1 al escenario del Teatre-Auditori de Sant Cugat el 2 de febrero. Las entradas se pondr\u00e1n a la venta el mi\u00e9rcoles de la semana que viene (25\/1):<\/p>\n<p>El cantante Manolo Garc\u00eda har\u00e1 en el Teatro-Auditorio el primer concierto de presentaci\u00f3n de su \u00faltimo disco Los d\u00edas intactos, el pr\u00f3ximo 2 de febrero. Siguiendo el esquema del concierto de 2008, Garc\u00eda ofrecer\u00e1 una actuaci\u00f3n para calentar los motores de cara a la gira que har\u00e1 despu\u00e9s por todo el Estado espa\u00f1ol. Las entradas se ponen a la venta mi\u00e9rcoles de la semana pr\u00f3xima.<\/p>\n<p>Los seguidores del excantante de El \u00daltimo de la Fila podr\u00e1n disfrutar, el 2 de febrero, del primer concierto de promoci\u00f3n de su quinto y \u00faltimo disco. A las nueve de la noche, Garc\u00eda volver\u00e1 a subir al escenario del equipamiento municipal en un formato de concierto-ensayo que permitir\u00e1 a los asistentes conocer de primera mano los detalles de la posterior gira que se har\u00e1 en el territorio espa\u00f1ol.<\/p>\n<p>Previamente, Garc\u00eda est\u00e1 haciendo un stage en el Teatro-Auditorio como un espacio de preparaci\u00f3n de esta gira, que ya ha agotado entradas de todos los conciertos programados en Barcelona. La actuaci\u00f3n tendr\u00e1 un valor a\u00f1adido que no tendr\u00e1n el resto de conciertos.<\/p>\n<p>En el concierto del 2 de febrero, el cantante y su banda interpretar\u00e1n los temas del \u00faltimo disco, como Un giro teatral, y otros procedentes de su producci\u00f3n en solitario y tambi\u00e9n de la \u00e9poca con Quimi Portet y El \u00faltimo de la fila. La carrera de Garc\u00eda en solitario empez\u00f3 con el disco Arena en los bolsillos y continu\u00f3 con Nunca el tiempo es perdido, Para que no se duerman mis sentidos y Saldremos a la lluvia.<\/p>\n<p>Este \u00faltimo disco fue el que Garc\u00eda present\u00f3 en el Teatro-Auditorio en el 2008, en una actuaci\u00f3n que agot\u00f3 las entradas y desat\u00f3 pasiones con la participaci\u00f3n del p\u00fablico que subi\u00f3 al escenario.<\/p>\n<p>Fuente: Cugat.cat &#8211; <a href=\"http:\/\/www.cugat.cat\/noticies\/Cultura\/71418.htm\/manolo_garcia_torna_a_sant_cugat_el_mes_que_ve\" target=\"_blank\">ENLACE<\/a>\u00a0&#8211; Twitter del Teatro Auditori &#8211; <a href=\"https:\/\/twitter.com\/#!\/TeatreAuditori\/status\/159596812620148736\" target=\"_blank\">ENLACE<\/a>\u00a0&#8211; Gracias a Jos\u00e9 Campillo por la noticia! (Campillanito)<\/p>\n","protected":false},"excerpt":{"rendered":"<p>Manolo Garc\u00eda volver\u00e1 al escenario del Teatre-Auditori de Sant Cugat el 2 de febrero. Las entradas se pondr\u00e1n a la venta el mi\u00e9rcoles de la semana que viene (25\/1): El cantante Manolo Garc\u00eda har\u00e1 en el Teatro-Auditorio el primer concierto de presentaci\u00f3n de su \u00faltimo disco Los d\u00edas intactos, el pr\u00f3ximo 2 de febrero. Siguiendo<a class=\"moretag\" href=\"https:\/\/www.manologarciaycia.com\/?p=2604\" title=\"MG: Notici\u00f3n, primer concierto el 2 de Febrero en Sant Cugat\" target=\"_self\" rel=\"follow\"> <font face=arial size=2>[Leer m\u00e1s]<\/font> <\/a><\/p>\n","protected":false},"author":2,"featured_media":0,"comment_status":"closed","ping_status":"closed","sticky":false,"template":"","format":"standard","meta":{"footnotes":""},"categories":[1],"tags":[],"class_list":["post-2604","post","type-post","status-publish","format-standard","hentry","category-manolo-garcia"],"_links":{"self":[{"href":"https:\/\/www.manologarciaycia.com\/index.php?rest_route=\/wp\/v2\/posts\/2604","targetHints":{"allow":["GET"]}}],"collection":[{"href":"https:\/\/www.manologarciaycia.com\/index.php?rest_route=\/wp\/v2\/posts"}],"about":[{"href":"https:\/\/www.manologarciaycia.com\/index.php?rest_route=\/wp\/v2\/types\/post"}],"author":[{"embeddable":true,"href":"https:\/\/www.manologarciaycia.com\/index.php?rest_route=\/wp\/v2\/users\/2"}],"replies":[{"embeddable":true,"href":"https:\/\/www.manologarciaycia.com\/index.php?rest_route=%2Fwp%2Fv2%2Fcomments&post=2604"}],"version-history":[{"count":4,"href":"https:\/\/www.manologarciaycia.com\/index.php?rest_route=\/wp\/v2\/posts\/2604\/revisions"}],"predecessor-version":[{"id":2606,"href":"https:\/\/www.manologarciaycia.com\/index.php?rest_route=\/wp\/v2\/posts\/2604\/revisions\/2606"}],"wp:attachment":[{"href":"https:\/\/www.manologarciaycia.com\/index.php?rest_route=%2Fwp%2Fv2%2Fmedia&parent=2604"}],"wp:term":[{"taxonomy":"category","embeddable":true,"href":"https:\/\/www.manologarciaycia.com\/index.php?rest_route=%2Fwp%2Fv2%2Fcategories&post=2604"},{"taxonomy":"post_tag","embeddable":true,"href":"https:\/\/www.manologarciaycia.com\/index.php?rest_route=%2Fwp%2Fv2%2Ftags&post=2604"}],"curies":[{"name":"wp","href":"https:\/\/api.w.org\/{rel}","templated":true}]}}