{"id":2597,"date":"2012-01-13T20:04:23","date_gmt":"2012-01-13T19:04:23","guid":{"rendered":"http:\/\/www.manologarciaycia.com\/?p=2597"},"modified":"2012-01-13T20:08:18","modified_gmt":"2012-01-13T19:08:18","slug":"mg-sobre-la-exposicion-y-una-posible-venta-de-sus-obras","status":"publish","type":"post","link":"https:\/\/www.manologarciaycia.com\/?p=2597","title":{"rendered":"MG: Sobre la exposici\u00f3n y una posible venta de sus obras"},"content":{"rendered":"<p>Hoy cierra sus puertas la exposici\u00f3n de dibujos y pinturas que desde el pasado mes de octubre pod\u00eda ser visitada en Barcelona.\u00a0<strong>Buena parte de esta muestra viajar\u00e1 a Madrid, donde podr\u00e1 ser visitada en las salas del Centro Cultural del C\u00edrculo de Lectores a partir de mediados de febrero<\/strong>. Pr\u00f3ximamente daremos completa informaci\u00f3n de esta exposici\u00f3n.<\/p>\n<p>Ante la demanda de su obra pict\u00f3rica, Manolo Garc\u00eda est\u00e1 barajando la posibilidad de abrir una p\u00e1gina web de venta de sus dibujos y pinturas en la que la totalidad de los beneficios ser\u00e1n destinados a obras ben\u00e9ficas.<\/p>\n<p>Fuente: P\u00e1g. Oficial Manolo Garc\u00eda<\/p>\n","protected":false},"excerpt":{"rendered":"<p>Hoy cierra sus puertas la exposici\u00f3n de dibujos y pinturas que desde el pasado mes de octubre pod\u00eda ser visitada en Barcelona.\u00a0Buena parte de esta muestra viajar\u00e1 a Madrid, donde podr\u00e1 ser visitada en las salas del Centro Cultural del C\u00edrculo de Lectores a partir de mediados de febrero. Pr\u00f3ximamente daremos completa informaci\u00f3n de esta<a class=\"moretag\" href=\"https:\/\/www.manologarciaycia.com\/?p=2597\" title=\"MG: Sobre la exposici\u00f3n y una posible venta de sus obras\" target=\"_self\" rel=\"follow\"> <font face=arial size=2>[Leer m\u00e1s]<\/font> <\/a><\/p>\n","protected":false},"author":2,"featured_media":0,"comment_status":"closed","ping_status":"closed","sticky":false,"template":"","format":"standard","meta":{"footnotes":""},"categories":[1],"tags":[],"class_list":["post-2597","post","type-post","status-publish","format-standard","hentry","category-manolo-garcia"],"_links":{"self":[{"href":"https:\/\/www.manologarciaycia.com\/index.php?rest_route=\/wp\/v2\/posts\/2597","targetHints":{"allow":["GET"]}}],"collection":[{"href":"https:\/\/www.manologarciaycia.com\/index.php?rest_route=\/wp\/v2\/posts"}],"about":[{"href":"https:\/\/www.manologarciaycia.com\/index.php?rest_route=\/wp\/v2\/types\/post"}],"author":[{"embeddable":true,"href":"https:\/\/www.manologarciaycia.com\/index.php?rest_route=\/wp\/v2\/users\/2"}],"replies":[{"embeddable":true,"href":"https:\/\/www.manologarciaycia.com\/index.php?rest_route=%2Fwp%2Fv2%2Fcomments&post=2597"}],"version-history":[{"count":2,"href":"https:\/\/www.manologarciaycia.com\/index.php?rest_route=\/wp\/v2\/posts\/2597\/revisions"}],"predecessor-version":[{"id":2600,"href":"https:\/\/www.manologarciaycia.com\/index.php?rest_route=\/wp\/v2\/posts\/2597\/revisions\/2600"}],"wp:attachment":[{"href":"https:\/\/www.manologarciaycia.com\/index.php?rest_route=%2Fwp%2Fv2%2Fmedia&parent=2597"}],"wp:term":[{"taxonomy":"category","embeddable":true,"href":"https:\/\/www.manologarciaycia.com\/index.php?rest_route=%2Fwp%2Fv2%2Fcategories&post=2597"},{"taxonomy":"post_tag","embeddable":true,"href":"https:\/\/www.manologarciaycia.com\/index.php?rest_route=%2Fwp%2Fv2%2Ftags&post=2597"}],"curies":[{"name":"wp","href":"https:\/\/api.w.org\/{rel}","templated":true}]}}