{"id":2588,"date":"2012-01-13T13:52:14","date_gmt":"2012-01-13T12:52:14","guid":{"rendered":"http:\/\/www.manologarciaycia.com\/?p=2588"},"modified":"2012-01-13T20:04:38","modified_gmt":"2012-01-13T19:04:38","slug":"mg-un-cuadro-de-manolo-garcia-el-objeto-mas-valorado-en-el-progama-cap-nen-sense-joguina","status":"publish","type":"post","link":"https:\/\/www.manologarciaycia.com\/?p=2588","title":{"rendered":"MG: UN CUADRO DE MANOLO GARC\u00cdA, EL OBJETO M\u00c1S VALORADO EN EL PROGAMA \u00abCAP NEN SENSE JOGUINA\u00bb"},"content":{"rendered":"<p>Un cuadro de Manolo Garc\u00eda, el objeto m\u00e1s valorado en el progama \u00abCap nen sense joguina\u00bb, la campa\u00f1a solidaria que cada a\u00f1o organiza Radio Barcelona-Cadena Ser.<\/p>\n<p>Con 2.800 euros, el \u00f3leo de Manolo Garc\u00eda ha sido el objeto m\u00e1s valorado en la tradicional subasta de la marat\u00f3n radiof\u00f3nica.<\/p>\n<p style=\"text-align: center;\"><a href=\"http:\/\/www.manologarciaycia.com\/wp-content\/uploads\/2012\/01\/ocho_manana.png\"><img loading=\"lazy\" decoding=\"async\" class=\"aligncenter size-full wp-image-2591\" title=\"ocho_manana\" src=\"http:\/\/www.manologarciaycia.com\/wp-content\/uploads\/2012\/01\/ocho_manana.png\" alt=\"\" width=\"483\" height=\"362\" srcset=\"https:\/\/www.manologarciaycia.com\/wp-content\/uploads\/2012\/01\/ocho_manana.png 483w, https:\/\/www.manologarciaycia.com\/wp-content\/uploads\/2012\/01\/ocho_manana-300x224.png 300w\" sizes=\"auto, (max-width: 483px) 100vw, 483px\" \/><\/a><em><span style=\"text-align: center;\">\u00abOcho de la ma\u00f1ana\u00bb<\/span><\/em><\/p>\n<p>Enlace a la noticia completa en El Periodico: <a href=\"http:\/\/www.elperiodico.com\/es\/noticias\/sociedad\/campana-cap-nen-sense-joguina-reparte-regalos-mas-8000-ninos-ninas-barcelona-1306282\" target=\"_new\">http:\/\/www.elperiodico.com\/es\/noticias\/sociedad\/campana-cap-nen-sense-joguina-reparte-regalos-mas-8000-ninos-ninas-barcelona-1306282<\/a><\/p>\n<p>Fuente: P\u00e1gina Oficial Manolo Garc\u00eda<\/p>\n","protected":false},"excerpt":{"rendered":"<p>Un cuadro de Manolo Garc\u00eda, el objeto m\u00e1s valorado en el progama \u00abCap nen sense joguina\u00bb, la campa\u00f1a solidaria que cada a\u00f1o organiza Radio Barcelona-Cadena Ser. Con 2.800 euros, el \u00f3leo de Manolo Garc\u00eda ha sido el objeto m\u00e1s valorado en la tradicional subasta de la marat\u00f3n radiof\u00f3nica. \u00abOcho de la ma\u00f1ana\u00bb Enlace a la<a class=\"moretag\" href=\"https:\/\/www.manologarciaycia.com\/?p=2588\" title=\"MG: UN CUADRO DE MANOLO GARC\u00cdA, EL OBJETO M\u00c1S VALORADO EN EL PROGAMA \u00abCAP NEN SENSE JOGUINA\u00bb\" target=\"_self\" rel=\"follow\"> <font face=arial size=2>[Leer m\u00e1s]<\/font> <\/a><\/p>\n","protected":false},"author":2,"featured_media":0,"comment_status":"closed","ping_status":"closed","sticky":false,"template":"","format":"standard","meta":{"footnotes":""},"categories":[1],"tags":[],"class_list":["post-2588","post","type-post","status-publish","format-standard","hentry","category-manolo-garcia"],"_links":{"self":[{"href":"https:\/\/www.manologarciaycia.com\/index.php?rest_route=\/wp\/v2\/posts\/2588","targetHints":{"allow":["GET"]}}],"collection":[{"href":"https:\/\/www.manologarciaycia.com\/index.php?rest_route=\/wp\/v2\/posts"}],"about":[{"href":"https:\/\/www.manologarciaycia.com\/index.php?rest_route=\/wp\/v2\/types\/post"}],"author":[{"embeddable":true,"href":"https:\/\/www.manologarciaycia.com\/index.php?rest_route=\/wp\/v2\/users\/2"}],"replies":[{"embeddable":true,"href":"https:\/\/www.manologarciaycia.com\/index.php?rest_route=%2Fwp%2Fv2%2Fcomments&post=2588"}],"version-history":[{"count":6,"href":"https:\/\/www.manologarciaycia.com\/index.php?rest_route=\/wp\/v2\/posts\/2588\/revisions"}],"predecessor-version":[{"id":2599,"href":"https:\/\/www.manologarciaycia.com\/index.php?rest_route=\/wp\/v2\/posts\/2588\/revisions\/2599"}],"wp:attachment":[{"href":"https:\/\/www.manologarciaycia.com\/index.php?rest_route=%2Fwp%2Fv2%2Fmedia&parent=2588"}],"wp:term":[{"taxonomy":"category","embeddable":true,"href":"https:\/\/www.manologarciaycia.com\/index.php?rest_route=%2Fwp%2Fv2%2Fcategories&post=2588"},{"taxonomy":"post_tag","embeddable":true,"href":"https:\/\/www.manologarciaycia.com\/index.php?rest_route=%2Fwp%2Fv2%2Ftags&post=2588"}],"curies":[{"name":"wp","href":"https:\/\/api.w.org\/{rel}","templated":true}]}}