{"id":2572,"date":"2012-01-11T12:32:52","date_gmt":"2012-01-11T11:32:52","guid":{"rendered":"http:\/\/www.manologarciaycia.com\/?p=2572"},"modified":"2012-01-11T12:33:21","modified_gmt":"2012-01-11T11:33:21","slug":"mg-agotadas-tambien-las-de-murcia-18-marzo-para-el-19-quedan","status":"publish","type":"post","link":"https:\/\/www.manologarciaycia.com\/?p=2572","title":{"rendered":"MG: Agotadas tambi\u00e9n las de Murcia 18 Febrero (para el 19 quedan&#8230;)"},"content":{"rendered":"<p>Ya se han agotado las localidades para el primero de los dos conciertos que Manolo Garc\u00eda dar\u00e1 en Murcia. El S\u00e1bado 18 de Febrero el auditorio Victor Villegas estar\u00e1 con el aforo completo. Para el d\u00eda 19 a\u00fan quedan localidades en las zonas mas altas del auditorio.<\/p>\n","protected":false},"excerpt":{"rendered":"<p>Ya se han agotado las localidades para el primero de los dos conciertos que Manolo Garc\u00eda dar\u00e1 en Murcia. El S\u00e1bado 18 de Febrero el auditorio Victor Villegas estar\u00e1 con el aforo completo. Para el d\u00eda 19 a\u00fan quedan localidades en las zonas mas altas del auditorio.<a class=\"moretag\" href=\"https:\/\/www.manologarciaycia.com\/?p=2572\" title=\"MG: Agotadas tambi\u00e9n las de Murcia 18 Febrero (para el 19 quedan&#8230;)\" target=\"_self\" rel=\"follow\"> <font face=arial size=2>[Leer m\u00e1s]<\/font> <\/a><\/p>\n","protected":false},"author":2,"featured_media":0,"comment_status":"closed","ping_status":"closed","sticky":false,"template":"","format":"standard","meta":{"footnotes":""},"categories":[1],"tags":[],"class_list":["post-2572","post","type-post","status-publish","format-standard","hentry","category-manolo-garcia"],"_links":{"self":[{"href":"https:\/\/www.manologarciaycia.com\/index.php?rest_route=\/wp\/v2\/posts\/2572","targetHints":{"allow":["GET"]}}],"collection":[{"href":"https:\/\/www.manologarciaycia.com\/index.php?rest_route=\/wp\/v2\/posts"}],"about":[{"href":"https:\/\/www.manologarciaycia.com\/index.php?rest_route=\/wp\/v2\/types\/post"}],"author":[{"embeddable":true,"href":"https:\/\/www.manologarciaycia.com\/index.php?rest_route=\/wp\/v2\/users\/2"}],"replies":[{"embeddable":true,"href":"https:\/\/www.manologarciaycia.com\/index.php?rest_route=%2Fwp%2Fv2%2Fcomments&post=2572"}],"version-history":[{"count":2,"href":"https:\/\/www.manologarciaycia.com\/index.php?rest_route=\/wp\/v2\/posts\/2572\/revisions"}],"predecessor-version":[{"id":2574,"href":"https:\/\/www.manologarciaycia.com\/index.php?rest_route=\/wp\/v2\/posts\/2572\/revisions\/2574"}],"wp:attachment":[{"href":"https:\/\/www.manologarciaycia.com\/index.php?rest_route=%2Fwp%2Fv2%2Fmedia&parent=2572"}],"wp:term":[{"taxonomy":"category","embeddable":true,"href":"https:\/\/www.manologarciaycia.com\/index.php?rest_route=%2Fwp%2Fv2%2Fcategories&post=2572"},{"taxonomy":"post_tag","embeddable":true,"href":"https:\/\/www.manologarciaycia.com\/index.php?rest_route=%2Fwp%2Fv2%2Ftags&post=2572"}],"curies":[{"name":"wp","href":"https:\/\/api.w.org\/{rel}","templated":true}]}}