{"id":2526,"date":"2012-01-03T14:04:11","date_gmt":"2012-01-03T13:04:11","guid":{"rendered":"http:\/\/www.manologarciaycia.com\/?p=2526"},"modified":"2012-01-03T14:07:55","modified_gmt":"2012-01-03T13:07:55","slug":"mg-fue-un-flipe-telonear-a-los-ramones","status":"publish","type":"post","link":"https:\/\/www.manologarciaycia.com\/?p=2526","title":{"rendered":"MG: Fue un flipe telonear a los Ramones"},"content":{"rendered":"<p style=\"text-align: left;\">Hace unos d\u00edas os la dejamos por aqu\u00ed en PDF, ahora directa en la web:<\/p>\n<p style=\"text-align: left;\">Un encuentro punk con Manolo Garc\u00eda, icono del rock espa\u00f1ol, creador inagotable y artista comprometido con causas tan perdidas como el \u2018ced\u00e9\u2019. Por David Gallardo<\/p>\n<p style=\"text-align: left;\"><img loading=\"lazy\" decoding=\"async\" class=\"aligncenter\" src=\"http:\/\/rollingstone.es\/img\/imagecache\/r_651_488_manologarcia_entrevistenero.jpg\" alt=\"\" width=\"521\" height=\"390\" \/><em>La rebeli\u00f3n del hombre rana. Manolo fotografiado en la zona noble de Madrid, el pasado octubre (Foto: Adolfo Callejo)<\/em><\/p>\n<p>Sonr\u00ede, besa, abraza, firma aut\u00f3grafos y dice a todo que s\u00ed. \u201c\u00a1Manolooo!\u201d, le gritan desde un coche y como respuesta regala una carcajada mientras saluda con la mano. Todo a la vez. Incluso tiene tiempo de protagonizar una sesi\u00f3n de fotos en plena calle. Pura energ\u00eda a los 56 a\u00f1os, publica su quinto disco en solitario, Los d\u00edas intactos, el libro El fruto de la rama m\u00e1s alta. Admite que tiene un pasado \u201cun poco escabroso\u201d enraizado en el punk. \u201cEse punto punky a\u00fan lo tengo\u201d, asegura. Entre risas, por supuesto.<\/p>\n<p><strong>Con el paso del tiempo, \u00bfvas controlando ese impulso de lanzarte sobre el p\u00fablico en los conciertos?<\/strong><\/p>\n<p>Es que mi pasado es un poco escabroso. Vengo del punk. En Los R\u00e1pidos \u00e9ramos combativos: nuestro disco de cabecera era London calling, de los Clash. Ese punto punky a\u00fan lo tengo, aunque est\u00e9 m\u00e1s mayor. Me lanzo menos porque me duelen m\u00e1s los huesos, me pego mayores hostias&#8230; Tambi\u00e9n valoro m\u00e1s ahora sonar bien que hacer el cabra.<\/p>\n<p><strong>En aquellos a\u00f1os Los R\u00e1pidos lleg\u00e1steis a telonear a los Ramones nada menos.<\/strong><br \/>\nFue un flipe telonear a los Ramones porque me gustaban mucho en esa \u00e9poca. Ahora me son un poco indiferentes, no como los Clash, que me siguen encantando, sobre todo Sandinista. Recuerdo el concierto con los Ramones como memorable, igual que otro en Barcelona con Los Burros junto a OMD y Ob\u00fas, un cartel horrible que no pegaba nada: todo el mundo estaba borrachuzo tirando botellas al escenario [risas].<\/p>\n<p><strong>Los a\u00f1os locos\u2026<\/strong><br \/>\n\u00a1S\u00ed, s\u00ed! Recuerdo otro en Madrid de Par\u00e1lisis Permanente. Se me cruzaron los cables, sub\u00ed al escenario, le quit\u00e9 el micro al cantante y se li\u00f3 una pelea terrible con botellas volando\u2026 buff [y se pone en pie y lanza objetos imaginarios].<\/p>\n<p><strong>Publicas tu quinto disco en solitario. \u00bfQu\u00e9 aporta a tus m\u00e1s de tres d\u00e9cadas en la m\u00fasica?<\/strong><br \/>\nAporta ilusi\u00f3n, el compromiso del rock, trabajar con guitarras el\u00e9ctricas y darle importancia a los textos. A m\u00ed me interesa Dylan y Leonard Cohen. Humildemente intentas entrar en un escuadr\u00f3n de gente interesada en la l\u00edrica del rock.<\/p>\n<p><strong>\u00bfPiensas en ser n\u00famero 1 mientras compones?<\/strong><br \/>\nSer\u00eda un hip\u00f3crita si dijera que me da igual. Yo quiero que el disco llegue a cuanta m\u00e1s gente mejor, porque entonces podr\u00e9 hacer conciertos, llevar un buen equipo, una buena banda. Si el disco no le interesa a nadie tendr\u00e9 que llevar peor equipo y peor banda, y as\u00ed no querr\u00e9 tocar, pues estoy acostumbrado a ofrecer conciertos dignos. No tengo vocaci\u00f3n de no vender discos.<\/p>\n<p><strong>\u00bfEscuchas m\u00fasica en mp3?<\/strong><br \/>\nMe compro mis ced\u00e9s y me voy haciendo una selecci\u00f3n en el iPod. Me gustar\u00eda pensar que van a inventar muchas genialidades, pero que el ced\u00e9 no va a desaparecer. Es un formato que est\u00e1 muy bien, manejable, se puede almacenar bien&#8230; Espero que siempre haya tiendas de discos para comprar ced\u00e9s.<\/p>\n<p><strong>\u00bfC\u00f3mo de necesaria es la m\u00fasica en estos tiempos inciertos?<\/strong><br \/>\nLa m\u00fasica da \u00e1nimos, da alegr\u00eda. Est\u00e1n consiguiendo los muy cabrones que haya un baj\u00f3n general. Te meten el miedo en el cuerpo y se crea un clima de derrotismo. Eso es nefasto. Los m\u00fasicos contribuimos un poco a animar al personal. Yo a lo mejor me despierto, me pongo The dark side of the moon y me da un punto de puta madre para empezar el d\u00eda.<\/p>\n<p><strong>\u00bfEsperas que cambie algo?<\/strong><br \/>\nEs la gente la que sale a la calle y est\u00e1 hablando sin l\u00edderes. Es algo maravilloso todo este movimiento ciudadano. Si los pol\u00edticos lo que quieren es acojonarnos hay que intentar que no lo consigan.<\/p>\n<p>Fuente: RollingStone.es<\/p>\n","protected":false},"excerpt":{"rendered":"<p>Hace unos d\u00edas os la dejamos por aqu\u00ed en PDF, ahora directa en la web: Un encuentro punk con Manolo Garc\u00eda, icono del rock espa\u00f1ol, creador inagotable y artista comprometido con causas tan perdidas como el \u2018ced\u00e9\u2019. Por David Gallardo La rebeli\u00f3n del hombre rana. Manolo fotografiado en la zona noble de Madrid, el pasado<a class=\"moretag\" href=\"https:\/\/www.manologarciaycia.com\/?p=2526\" title=\"MG: Fue un flipe telonear a los Ramones\" target=\"_self\" rel=\"follow\"> <font face=arial size=2>[Leer m\u00e1s]<\/font> <\/a><\/p>\n","protected":false},"author":2,"featured_media":0,"comment_status":"closed","ping_status":"closed","sticky":false,"template":"","format":"standard","meta":{"footnotes":""},"categories":[1],"tags":[],"class_list":["post-2526","post","type-post","status-publish","format-standard","hentry","category-manolo-garcia"],"_links":{"self":[{"href":"https:\/\/www.manologarciaycia.com\/index.php?rest_route=\/wp\/v2\/posts\/2526","targetHints":{"allow":["GET"]}}],"collection":[{"href":"https:\/\/www.manologarciaycia.com\/index.php?rest_route=\/wp\/v2\/posts"}],"about":[{"href":"https:\/\/www.manologarciaycia.com\/index.php?rest_route=\/wp\/v2\/types\/post"}],"author":[{"embeddable":true,"href":"https:\/\/www.manologarciaycia.com\/index.php?rest_route=\/wp\/v2\/users\/2"}],"replies":[{"embeddable":true,"href":"https:\/\/www.manologarciaycia.com\/index.php?rest_route=%2Fwp%2Fv2%2Fcomments&post=2526"}],"version-history":[{"count":4,"href":"https:\/\/www.manologarciaycia.com\/index.php?rest_route=\/wp\/v2\/posts\/2526\/revisions"}],"predecessor-version":[{"id":2528,"href":"https:\/\/www.manologarciaycia.com\/index.php?rest_route=\/wp\/v2\/posts\/2526\/revisions\/2528"}],"wp:attachment":[{"href":"https:\/\/www.manologarciaycia.com\/index.php?rest_route=%2Fwp%2Fv2%2Fmedia&parent=2526"}],"wp:term":[{"taxonomy":"category","embeddable":true,"href":"https:\/\/www.manologarciaycia.com\/index.php?rest_route=%2Fwp%2Fv2%2Fcategories&post=2526"},{"taxonomy":"post_tag","embeddable":true,"href":"https:\/\/www.manologarciaycia.com\/index.php?rest_route=%2Fwp%2Fv2%2Ftags&post=2526"}],"curies":[{"name":"wp","href":"https:\/\/api.w.org\/{rel}","templated":true}]}}