{"id":2512,"date":"2012-01-02T14:07:40","date_gmt":"2012-01-02T13:07:40","guid":{"rendered":"http:\/\/www.manologarciaycia.com\/?p=2512"},"modified":"2012-01-02T14:10:15","modified_gmt":"2012-01-02T13:10:15","slug":"mg-detallazo-de-manolo-garcia-con-sus-seguidores","status":"publish","type":"post","link":"https:\/\/www.manologarciaycia.com\/?p=2512","title":{"rendered":"MG: Detallazo de Manolo Garc\u00eda con sus seguidores&#8230;"},"content":{"rendered":"<p>El pasado 28 de Octubre, y tal y como adelantamos aqu\u00ed, Manolo Garcia acudi\u00f3 al FNAC Triangle, en Barcelona, para una firma de discos. Al parecer no dio tiempo a firmar a todo el mundo que hizo cola para poder acercarse y obtener la firma, ya que era muy tarde y no hab\u00edan terminado todav\u00eda, y decidieron que su hermana Carmen recogiera los datos de las personas que se iban a quedar sin posibilidad alguna.<\/p>\n<p style=\"text-align: left;\">Esto es lo que han enviado, por ejemplo, a Juan Carlos G. y que el afortunado ha compartido con nosotros v\u00eda Facebook:<br \/>\n<a href=\"https:\/\/fbcdn-sphotos-a.akamaihd.net\/hphotos-ak-ash4\/400218_2681986323355_1067229379_2587321_470666740_n.jpg\"><img loading=\"lazy\" decoding=\"async\" class=\"aligncenter\" src=\"https:\/\/fbcdn-sphotos-a.akamaihd.net\/hphotos-ak-ash4\/400218_2681986323355_1067229379_2587321_470666740_n.jpg\" alt=\"\" width=\"403\" height=\"291\" \/><\/a><em>Pincha en la imagen para verla a tama\u00f1o completo.<\/em><\/p>\n<p style=\"text-align: left;\">Este detallazo nos deja entrever la calidad humana de Manolo Garc\u00eda y todo su equipo. Gracias J.C.G.<\/p>\n","protected":false},"excerpt":{"rendered":"<p>El pasado 28 de Octubre, y tal y como adelantamos aqu\u00ed, Manolo Garcia acudi\u00f3 al FNAC Triangle, en Barcelona, para una firma de discos. Al parecer no dio tiempo a firmar a todo el mundo que hizo cola para poder acercarse y obtener la firma, ya que era muy tarde y no hab\u00edan terminado todav\u00eda,<a class=\"moretag\" href=\"https:\/\/www.manologarciaycia.com\/?p=2512\" title=\"MG: Detallazo de Manolo Garc\u00eda con sus seguidores&#8230;\" target=\"_self\" rel=\"follow\"> <font face=arial size=2>[Leer m\u00e1s]<\/font> <\/a><\/p>\n","protected":false},"author":2,"featured_media":0,"comment_status":"closed","ping_status":"closed","sticky":false,"template":"","format":"standard","meta":{"footnotes":""},"categories":[1],"tags":[],"class_list":["post-2512","post","type-post","status-publish","format-standard","hentry","category-manolo-garcia"],"_links":{"self":[{"href":"https:\/\/www.manologarciaycia.com\/index.php?rest_route=\/wp\/v2\/posts\/2512","targetHints":{"allow":["GET"]}}],"collection":[{"href":"https:\/\/www.manologarciaycia.com\/index.php?rest_route=\/wp\/v2\/posts"}],"about":[{"href":"https:\/\/www.manologarciaycia.com\/index.php?rest_route=\/wp\/v2\/types\/post"}],"author":[{"embeddable":true,"href":"https:\/\/www.manologarciaycia.com\/index.php?rest_route=\/wp\/v2\/users\/2"}],"replies":[{"embeddable":true,"href":"https:\/\/www.manologarciaycia.com\/index.php?rest_route=%2Fwp%2Fv2%2Fcomments&post=2512"}],"version-history":[{"count":5,"href":"https:\/\/www.manologarciaycia.com\/index.php?rest_route=\/wp\/v2\/posts\/2512\/revisions"}],"predecessor-version":[{"id":2517,"href":"https:\/\/www.manologarciaycia.com\/index.php?rest_route=\/wp\/v2\/posts\/2512\/revisions\/2517"}],"wp:attachment":[{"href":"https:\/\/www.manologarciaycia.com\/index.php?rest_route=%2Fwp%2Fv2%2Fmedia&parent=2512"}],"wp:term":[{"taxonomy":"category","embeddable":true,"href":"https:\/\/www.manologarciaycia.com\/index.php?rest_route=%2Fwp%2Fv2%2Fcategories&post=2512"},{"taxonomy":"post_tag","embeddable":true,"href":"https:\/\/www.manologarciaycia.com\/index.php?rest_route=%2Fwp%2Fv2%2Ftags&post=2512"}],"curies":[{"name":"wp","href":"https:\/\/api.w.org\/{rel}","templated":true}]}}