{"id":25003,"date":"2026-09-06T12:00:21","date_gmt":"2026-09-06T10:00:21","guid":{"rendered":"https:\/\/www.manologarciaycia.com\/?p=25003"},"modified":"2026-09-06T12:00:23","modified_gmt":"2026-09-06T10:00:23","slug":"la-traca-final-de-la-gira-de-regreso-de-el-ultimo-de-la-fila-el-objeto-de-coleccionista-que-estas-a-punto-de-poder-reservar","status":"publish","type":"post","link":"https:\/\/www.manologarciaycia.com\/?p=25003","title":{"rendered":"La traca final de la gira de regreso de El \u00faltimo de la fila: el objeto de coleccionista que est\u00e1s a punto de poder reservar"},"content":{"rendered":"\n<p class=\"wp-block-paragraph\">El \u00faltimo de la fila convierte su explosiva gira de regreso en un \u00e1lbum con uno de los directos m\u00e1s significativos de este a\u00f1o<br><br><br>Tras cerrar una de las giras m\u00e1s destacadas de la historia reciente de la m\u00fasica del pa\u00eds, dentro de la que\u00a0<strong>CADENA 100<\/strong>\u00a0pudo ser testigo de excepci\u00f3n de la cita en el\u00a0<strong>Metropolitano de Madrid<\/strong>,\u00a0<strong>El \u00daltimo de la Fila<\/strong>\u00a0anuncia la publicaci\u00f3n de\u00a0<strong>&#8216;Directo 2026&#8217;<\/strong>, el \u00e1lbum que recoge la vuelta a los escenarios de\u00a0<strong>Manolo Garc\u00eda<\/strong>\u00a0y\u00a0<strong>Quimi Portet<\/strong>\u00a0tras casi tres d\u00e9cadas de ausencia. El lanzamiento estar\u00e1 disponible en\u00a0<strong>preventa<\/strong>\u00a0a partir del\u00a0<strong>22 de septiembre<\/strong>\u00a0en\u00a0<strong>elultimodelafila.com<\/strong>, antes de su salida general en tiendas y plataformas el pr\u00f3ximo\u00a0<strong>20 de noviembre<\/strong>. Esas son las fechas clave que debe apuntar cualquier fan que se precie de una de las bandas que revolucionaron el mercado musical de los 80.<\/p>\n\n\n\n<p class=\"wp-block-paragraph\">El nuevo trabajo re\u00fane la fuerza del directo con el que la banda ha recorrido los escenarios en&nbsp;<strong>2026<\/strong>&nbsp;en un repertorio que contiene los grandes \u00e9xitos de su trayectoria. La publicaci\u00f3n llega despu\u00e9s de una gira que ha congregado a&nbsp;<strong>m\u00e1s de 400.000 espectadores<\/strong>&nbsp;repartidos en los&nbsp;<strong>12 conciertos<\/strong>&nbsp;con entradas agotadas en todas sus citas. Un ejercicio de demostraci\u00f3n no solo de la nostalgia que generan, sino del hueco que tienen dentro de un panorama musical en el que, cada vez m\u00e1s, proliferan los nombres y los sonidos.<\/p>\n\n\n\n<h3 class=\"wp-block-heading\">Premio extra<\/h3>\n\n\n\n<p class=\"wp-block-paragraph\">Aquellos compradores que adquieran el \u00e1lbum en&nbsp;<strong>preventa<\/strong>&nbsp;recibir\u00e1n, adem\u00e1s, un peque\u00f1o&nbsp;<strong>documental exclusivo<\/strong>&nbsp;con im\u00e1genes de las pruebas de sonido de la gira, un material que ampl\u00eda la mirada sobre el proceso y el trabajo previo a unos conciertos que han marcado el reencuentro de la banda con su p\u00fablico.<\/p>\n\n\n\n<p class=\"wp-block-paragraph\">Sobre el escenario,\u00a0<strong>El \u00daltimo de la Fila<\/strong>\u00a0ha vuelto a demostrar la solidez de un directo marcado por el cuidado del sonido, una puesta en escena a la altura de la dimensi\u00f3n de la gira y una conexi\u00f3n extraordinaria con el p\u00fablico.\u00a0<strong>Manolo Garc\u00eda<\/strong>\u00a0y\u00a0<strong>Quimi Portet<\/strong>, acompa\u00f1ados por gran parte de la banda que toc\u00f3 en todas sus giras \u2014<strong>Josep Llu\u00eds P\u00e9rez<\/strong>,\u00a0<strong>Antonio Fidel<\/strong>,\u00a0<strong>Juan Carlos Garc\u00eda<\/strong>,\u00a0<strong>\u00c1ngel Celada<\/strong>\u00a0y\u00a0<strong>Pedro Javier Gonz\u00e1lez<\/strong>\u2014 y con la aportaci\u00f3n especial de\u00a0<strong>Irene Miller<\/strong>,\u00a0<strong>Eva Reina<\/strong>\u00a0y\u00a0<strong>Sara Garc\u00eda<\/strong>, han dado forma a un espect\u00e1culo que ahora queda plasmado en este lanzamiento.<\/p>\n\n\n\n<p class=\"wp-block-paragraph\">Consagrado como uno de los nombres esenciales del&nbsp;<strong>pop rock estatal<\/strong>,&nbsp;<strong>El \u00daltimo de la Fila<\/strong>&nbsp;culmina as\u00ed una etapa marcada por la respuesta masiva de sus seguidores y por la plena vigencia de un legado que mantiene intactas su fuerza, su identidad y su capacidad de conexi\u00f3n.<\/p>\n\n\n\n<p class=\"wp-block-paragraph\"><strong>Directo 2026<\/strong>, disponible en\u00a0<strong>preventa<\/strong>\u00a0desde el\u00a0<strong>22 de septiembre<\/strong>\u00a0en\u00a0<strong>elultimodelafila.com<\/strong>\u00a0y en tiendas y plataformas el\u00a0<strong>20 de noviembre<\/strong><br><br>Fuente: Cadena 100 &#8211; <a href=\"https:\/\/www.cadena100.es\/musica\/noticias\/traca-final-gira-regreso-ultimo-fila-objeto-coleccionista-punto-reservar-20260905_154830.html\">La traca final de la gira de regreso de El \u00faltimo de la fila: el objeto de coleccionista que est\u00e1s a punto de poder reservar<\/a><\/p>\n","protected":false},"excerpt":{"rendered":"<p>El \u00faltimo de la fila convierte su explosiva gira de regreso en un \u00e1lbum con uno de los directos m\u00e1s significativos de este a\u00f1o Tras cerrar una de las giras m\u00e1s destacadas de la historia reciente de la m\u00fasica del pa\u00eds, dentro de la que\u00a0CADENA 100\u00a0pudo ser testigo de excepci\u00f3n de la cita en el\u00a0Metropolitano<a class=\"moretag\" href=\"https:\/\/www.manologarciaycia.com\/?p=25003\" title=\"La traca final de la gira de regreso de El \u00faltimo de la fila: el objeto de coleccionista que est\u00e1s a punto de poder reservar\" target=\"_self\" rel=\"follow\"> <font face=arial size=2>[Leer m\u00e1s]<\/font> <\/a><\/p>\n","protected":false},"author":2,"featured_media":25004,"comment_status":"closed","ping_status":"closed","sticky":false,"template":"","format":"standard","meta":{"footnotes":""},"categories":[1],"tags":[],"class_list":["post-25003","post","type-post","status-publish","format-standard","has-post-thumbnail","hentry","category-manolo-garcia"],"_links":{"self":[{"href":"https:\/\/www.manologarciaycia.com\/index.php?rest_route=\/wp\/v2\/posts\/25003","targetHints":{"allow":["GET"]}}],"collection":[{"href":"https:\/\/www.manologarciaycia.com\/index.php?rest_route=\/wp\/v2\/posts"}],"about":[{"href":"https:\/\/www.manologarciaycia.com\/index.php?rest_route=\/wp\/v2\/types\/post"}],"author":[{"embeddable":true,"href":"https:\/\/www.manologarciaycia.com\/index.php?rest_route=\/wp\/v2\/users\/2"}],"replies":[{"embeddable":true,"href":"https:\/\/www.manologarciaycia.com\/index.php?rest_route=%2Fwp%2Fv2%2Fcomments&post=25003"}],"version-history":[{"count":1,"href":"https:\/\/www.manologarciaycia.com\/index.php?rest_route=\/wp\/v2\/posts\/25003\/revisions"}],"predecessor-version":[{"id":25005,"href":"https:\/\/www.manologarciaycia.com\/index.php?rest_route=\/wp\/v2\/posts\/25003\/revisions\/25005"}],"wp:featuredmedia":[{"embeddable":true,"href":"https:\/\/www.manologarciaycia.com\/index.php?rest_route=\/wp\/v2\/media\/25004"}],"wp:attachment":[{"href":"https:\/\/www.manologarciaycia.com\/index.php?rest_route=%2Fwp%2Fv2%2Fmedia&parent=25003"}],"wp:term":[{"taxonomy":"category","embeddable":true,"href":"https:\/\/www.manologarciaycia.com\/index.php?rest_route=%2Fwp%2Fv2%2Fcategories&post=25003"},{"taxonomy":"post_tag","embeddable":true,"href":"https:\/\/www.manologarciaycia.com\/index.php?rest_route=%2Fwp%2Fv2%2Ftags&post=25003"}],"curies":[{"name":"wp","href":"https:\/\/api.w.org\/{rel}","templated":true}]}}