{"id":250,"date":"2010-01-18T09:09:24","date_gmt":"2010-01-18T08:09:24","guid":{"rendered":"http:\/\/petaos.net\/?p=250"},"modified":"2010-01-18T09:09:24","modified_gmt":"2010-01-18T08:09:24","slug":"langa-galeria-de-imagenes-concierto-madrid-191209","status":"publish","type":"post","link":"https:\/\/www.manologarciaycia.com\/?p=250","title":{"rendered":"LANGA &#8211; Galer\u00eda de Im\u00e1genes Concierto Madrid 19\/12\/09"},"content":{"rendered":"<p style=\"text-align: left;\">Gracias a Marta Pich y a Laura disponemos ya de una estupenda galer\u00eda de im\u00e1genes del concierto de Langa en Madrid, el pasado 19\/12\/09; concierto que cont\u00f3 con la presencia en el escenario de Nacho Garc\u00eda Vega y Manolo Garc\u00eda.<\/p>\n<p style=\"text-align: center;\"><img loading=\"lazy\" decoding=\"async\" class=\"aligncenter\" src=\"http:\/\/petaos.net\/images\/Langa_20091219_16.jpg\" alt=\"\" width=\"400\" height=\"266\" \/><\/p>\n<p><a href=\"http:\/\/petaos.net\/?page_id=16#LangaMadrid\" target=\"_self\">Enlace a la Fotogaler\u00eda.<\/a><\/p>\n","protected":false},"excerpt":{"rendered":"<p>Gracias a Marta Pich y a Laura disponemos ya de una estupenda galer\u00eda de im\u00e1genes del concierto de Langa en Madrid, el pasado 19\/12\/09; concierto que cont\u00f3 con la presencia en el escenario de Nacho Garc\u00eda Vega y Manolo Garc\u00eda. Enlace a la Fotogaler\u00eda.<a class=\"moretag\" href=\"https:\/\/www.manologarciaycia.com\/?p=250\" title=\"LANGA &#8211; Galer\u00eda de Im\u00e1genes Concierto Madrid 19\/12\/09\" target=\"_self\" rel=\"follow\"> <font face=arial size=2>[Leer m\u00e1s]<\/font> <\/a><\/p>\n","protected":false},"author":2,"featured_media":0,"comment_status":"closed","ping_status":"open","sticky":false,"template":"","format":"standard","meta":{"footnotes":""},"categories":[1,23],"tags":[55],"class_list":["post-250","post","type-post","status-publish","format-standard","hentry","category-manolo-garcia","category-otros","tag-langa-concierto-fotografia-manolo-garcia-ricardo-marin"],"_links":{"self":[{"href":"https:\/\/www.manologarciaycia.com\/index.php?rest_route=\/wp\/v2\/posts\/250","targetHints":{"allow":["GET"]}}],"collection":[{"href":"https:\/\/www.manologarciaycia.com\/index.php?rest_route=\/wp\/v2\/posts"}],"about":[{"href":"https:\/\/www.manologarciaycia.com\/index.php?rest_route=\/wp\/v2\/types\/post"}],"author":[{"embeddable":true,"href":"https:\/\/www.manologarciaycia.com\/index.php?rest_route=\/wp\/v2\/users\/2"}],"replies":[{"embeddable":true,"href":"https:\/\/www.manologarciaycia.com\/index.php?rest_route=%2Fwp%2Fv2%2Fcomments&post=250"}],"version-history":[{"count":1,"href":"https:\/\/www.manologarciaycia.com\/index.php?rest_route=\/wp\/v2\/posts\/250\/revisions"}],"predecessor-version":[{"id":251,"href":"https:\/\/www.manologarciaycia.com\/index.php?rest_route=\/wp\/v2\/posts\/250\/revisions\/251"}],"wp:attachment":[{"href":"https:\/\/www.manologarciaycia.com\/index.php?rest_route=%2Fwp%2Fv2%2Fmedia&parent=250"}],"wp:term":[{"taxonomy":"category","embeddable":true,"href":"https:\/\/www.manologarciaycia.com\/index.php?rest_route=%2Fwp%2Fv2%2Fcategories&post=250"},{"taxonomy":"post_tag","embeddable":true,"href":"https:\/\/www.manologarciaycia.com\/index.php?rest_route=%2Fwp%2Fv2%2Ftags&post=250"}],"curies":[{"name":"wp","href":"https:\/\/api.w.org\/{rel}","templated":true}]}}