{"id":24998,"date":"2026-09-02T12:01:12","date_gmt":"2026-09-02T10:01:12","guid":{"rendered":"https:\/\/www.manologarciaycia.com\/?p=24998"},"modified":"2026-09-02T12:07:13","modified_gmt":"2026-09-02T10:07:13","slug":"el-ultimo-de-la-fila-presenta-directo-2026-el-album-que-recoge-su-historica-gira-de-reencuentro","status":"publish","type":"post","link":"https:\/\/www.manologarciaycia.com\/?p=24998","title":{"rendered":"EL \u00daLTIMO DE LA FILA PRESENTA DIRECTO 2026, EL \u00c1LBUM QUE RECOGE SU HIST\u00d3RICA GIRA DE REENCUENTRO"},"content":{"rendered":"\n<figure class=\"wp-block-image size-large\"><img loading=\"lazy\" decoding=\"async\" width=\"819\" height=\"1024\" src=\"https:\/\/www.manologarciaycia.com\/wp-content\/uploads\/2026\/09\/eudlfpreventa-819x1024.jpg\" alt=\"\" class=\"wp-image-25001\" srcset=\"https:\/\/www.manologarciaycia.com\/wp-content\/uploads\/2026\/09\/eudlfpreventa-819x1024.jpg 819w, https:\/\/www.manologarciaycia.com\/wp-content\/uploads\/2026\/09\/eudlfpreventa-400x500.jpg 400w, https:\/\/www.manologarciaycia.com\/wp-content\/uploads\/2026\/09\/eudlfpreventa-768x960.jpg 768w, https:\/\/www.manologarciaycia.com\/wp-content\/uploads\/2026\/09\/eudlfpreventa-695x869.jpg 695w, https:\/\/www.manologarciaycia.com\/wp-content\/uploads\/2026\/09\/eudlfpreventa-930x1163.jpg 930w, https:\/\/www.manologarciaycia.com\/wp-content\/uploads\/2026\/09\/eudlfpreventa.jpg 1080w\" sizes=\"auto, (max-width: 819px) 100vw, 819px\" \/><\/figure>\n\n\n\n<p class=\"wp-block-paragraph\"><strong>Concert Music Entertainment anuncia el lanzamiento del disco que inmortaliza una de las giras m\u00e1s importantes de los \u00faltimos tiempos<\/strong><\/p>\n\n\n\n<p class=\"wp-block-paragraph\"><strong>El disco estar\u00e1 disponible en preventa desde el 22 de septiembre en&nbsp;<a href=\"https:\/\/elultimodelafila.com\/\" target=\"_blank\" rel=\"noreferrer noopener\">elultimodelafila.com&nbsp;<\/a>y llegar\u00e1 a tiendas y plataformas el 20 de noviembre<\/strong><\/p>\n\n\n\n<p class=\"wp-block-paragraph\">Tras cerrar una de las giras m\u00e1s destacadas de la historia reciente de la m\u00fasica del pa\u00eds,&nbsp;<strong>El \u00daltimo de la Fila<\/strong>&nbsp;anuncia la publicaci\u00f3n de Directo 2026, el \u00e1lbum que recoge la vuelta a los escenarios de&nbsp;<strong>Manolo Garc\u00eda y Quimi Portet<\/strong>&nbsp;tras casi tres d\u00e9cadas de ausencia. El lanzamiento estar\u00e1&nbsp;<strong>disponible en preventa a partir del 22 de septiembre en&nbsp;<a href=\"https:\/\/elultimodelafila.com\/\" target=\"_blank\" rel=\"noreferrer noopener\">elultimodelafila.com&nbsp;<\/a>, antes de su salida general en tiendas y plataformas el pr\u00f3ximo 20 de noviembre&nbsp;<\/strong>.<\/p>\n\n\n\n<p class=\"wp-block-paragraph\">El nuevo trabajo re\u00fane la fuerza del directo con el que la banda ha recorrido los escenarios en 2026 en un repertorio que contiene los grandes \u00e9xitos de su trayectoria. La publicaci\u00f3n llega despu\u00e9s de&nbsp;<strong>una gira que ha congregado a m\u00e1s de 400.000 espectadores en 12 conciertos con entradas agotadas en todas sus citas&nbsp;<\/strong>.<\/p>\n\n\n\n<p class=\"wp-block-paragraph\"><strong>Aquellos compradores que adquieran el \u00e1lbum en preventa recibir\u00e1n, adem\u00e1s, un peque\u00f1o documental exclusivo con im\u00e1genes de las pruebas de sonido de la gira&nbsp;<\/strong>, un material que ampl\u00eda la mirada sobre el proceso y el trabajo previo a unos conciertos que han marcado el reencuentro de la banda con su p\u00fablico.<\/p>\n\n\n\n<p class=\"wp-block-paragraph\">Sobre el escenario, El \u00daltimo de la Fila ha vuelto a demostrar la solidez de un directo marcado por el cuidado del sonido, una puesta en escena a la altura de la dimensi\u00f3n de la gira y una conexi\u00f3n extraordinaria con el p\u00fablico. Manolo Garc\u00eda y Quimi Portet, acompa\u00f1ados por gran parte de la banda que toc\u00f3 en todas sus giras \u2014Josep Llu\u00eds P\u00e9rez, Antonio Fidel, Juan Carlos Garc\u00eda, \u00c1ngel Celada y Pedro Javier Gonz\u00e1lez\u2014 y con la aportaci\u00f3n especial de Irene Miller, Eva Reina y Sara Garc\u00eda, han dado forma a un espect\u00e1culo que ahora queda plasmado en este lanzamiento.<\/p>\n\n\n\n<p class=\"wp-block-paragraph\">Consagrado como uno de los nombres esenciales del pop rock estatal,&nbsp;<strong>El \u00daltimo de la Fila culmina as\u00ed una etapa marcada por la respuesta masiva de sus seguidores&nbsp;<\/strong>y por la plena vigencia de un legado que mantiene intactas su fuerza, su identidad y su capacidad de conexi\u00f3n.<\/p>\n\n\n\n<p class=\"wp-block-paragraph\"><strong>Directo 2026, disponible en preventa desde el 22 de septiembre en&nbsp;<a href=\"https:\/\/elultimodelafila.com\/\" target=\"_blank\" rel=\"noreferrer noopener\">elultimodelafila.com&nbsp;<\/a>y en tiendas y plataformas el 20 de noviembre<\/strong><\/p>\n","protected":false},"excerpt":{"rendered":"<p>Concert Music Entertainment anuncia el lanzamiento del disco que inmortaliza una de las giras m\u00e1s importantes de los \u00faltimos tiempos El disco estar\u00e1 disponible en preventa desde el 22 de septiembre en&nbsp;elultimodelafila.com&nbsp;y llegar\u00e1 a tiendas y plataformas el 20 de noviembre Tras cerrar una de las giras m\u00e1s destacadas de la historia reciente de la<a class=\"moretag\" href=\"https:\/\/www.manologarciaycia.com\/?p=24998\" title=\"EL \u00daLTIMO DE LA FILA PRESENTA DIRECTO 2026, EL \u00c1LBUM QUE RECOGE SU HIST\u00d3RICA GIRA DE REENCUENTRO\" target=\"_self\" rel=\"follow\"> <font face=arial size=2>[Leer m\u00e1s]<\/font> <\/a><\/p>\n","protected":false},"author":2,"featured_media":24999,"comment_status":"closed","ping_status":"closed","sticky":false,"template":"","format":"standard","meta":{"footnotes":""},"categories":[1],"tags":[],"class_list":["post-24998","post","type-post","status-publish","format-standard","has-post-thumbnail","hentry","category-manolo-garcia"],"_links":{"self":[{"href":"https:\/\/www.manologarciaycia.com\/index.php?rest_route=\/wp\/v2\/posts\/24998","targetHints":{"allow":["GET"]}}],"collection":[{"href":"https:\/\/www.manologarciaycia.com\/index.php?rest_route=\/wp\/v2\/posts"}],"about":[{"href":"https:\/\/www.manologarciaycia.com\/index.php?rest_route=\/wp\/v2\/types\/post"}],"author":[{"embeddable":true,"href":"https:\/\/www.manologarciaycia.com\/index.php?rest_route=\/wp\/v2\/users\/2"}],"replies":[{"embeddable":true,"href":"https:\/\/www.manologarciaycia.com\/index.php?rest_route=%2Fwp%2Fv2%2Fcomments&post=24998"}],"version-history":[{"count":2,"href":"https:\/\/www.manologarciaycia.com\/index.php?rest_route=\/wp\/v2\/posts\/24998\/revisions"}],"predecessor-version":[{"id":25002,"href":"https:\/\/www.manologarciaycia.com\/index.php?rest_route=\/wp\/v2\/posts\/24998\/revisions\/25002"}],"wp:featuredmedia":[{"embeddable":true,"href":"https:\/\/www.manologarciaycia.com\/index.php?rest_route=\/wp\/v2\/media\/24999"}],"wp:attachment":[{"href":"https:\/\/www.manologarciaycia.com\/index.php?rest_route=%2Fwp%2Fv2%2Fmedia&parent=24998"}],"wp:term":[{"taxonomy":"category","embeddable":true,"href":"https:\/\/www.manologarciaycia.com\/index.php?rest_route=%2Fwp%2Fv2%2Fcategories&post=24998"},{"taxonomy":"post_tag","embeddable":true,"href":"https:\/\/www.manologarciaycia.com\/index.php?rest_route=%2Fwp%2Fv2%2Ftags&post=24998"}],"curies":[{"name":"wp","href":"https:\/\/api.w.org\/{rel}","templated":true}]}}