{"id":2498,"date":"2011-12-30T09:05:37","date_gmt":"2011-12-30T08:05:37","guid":{"rendered":"http:\/\/www.manologarciaycia.com\/?p=2498"},"modified":"2011-12-30T09:05:37","modified_gmt":"2011-12-30T08:05:37","slug":"mg-dani-martin-pablo-alboran-manolo-garcia-raphael-y-maldita-nerea-en-murcia","status":"publish","type":"post","link":"https:\/\/www.manologarciaycia.com\/?p=2498","title":{"rendered":"MG: Dani Martin, Pablo Alboran, Manolo Garcia, Raphael y Maldita Nerea en Murcia"},"content":{"rendered":"<p>La Oreja de Van Gogh, Sidonie, Dani Mart\u00edn, <strong>Manolo Garc\u00eda<\/strong>, Joe Bonamassa, Pablo Albor\u00e1n, The Flying Pickets, Catpeople, Mal\u00fa, Loreena McKenitt, Raphael, Leyva y Maldita Nerea son los protagonistas de la programaci\u00f3n del ciclo Otras m\u00fasicas del Auditorio Regional V\u00edctor Villegas entre enero y mayo de 2012. Las entradas ya se pueden adquirir en las taquillas del Auditorio Regional, en el tel\u00e9fono 968 343 080 o trav\u00e9s de la web auditoriomuria.org.<\/p>\n<p>Dos d\u00edas, 18 y 19 de febrero, estar\u00e1 actuando en el Auditorio de Murcia, <strong>Manolo Garc\u00eda<\/strong>. El cantante viene a presentar su nuevo \u00e1lbum Los d\u00edas intactos, que se mantiene desde hace semanas entre los discos m\u00e1s vendidos en Espa\u00f1a y es Disco de Platino desde el mismo d\u00eda de su lanzamiento el pasado 25 de octubre. Es el reflejo de la magn\u00edfica acogida que est\u00e1 teniendo su quinto disco de estudio, que incluye 14 nuevas canciones, de las que se ha elegido Un giro teatral como primer single. Las entradas que se pusieron a la venta hace unas semanas cuestan entre 35 y 38 Euros.<\/p>\n<p>\nComenzar\u00e1 la programaci\u00f3n con el grupo vasco La oreja de Van Gogh el viernes 20 de enero, que vienen a Murcia a presentar su \u00faltimo trabajo Cometas en el cielo, que ya es disco de oro en Espa\u00f1a. Disco que fue n\u00famero 1 en listas de ventas desde su primera semana a la venta y que contin\u00faa manteni\u00e9ndose en los primeros puestos. Adem\u00e1s se encuentra tambi\u00e9n muy fuerte en las listas top 10 de las radios en Am\u00e9rica Latina. La Oreja de Van Gogh ha publicado seis \u00e1lbumes de estudio con canciones que est\u00e1n inscritas en la historia del pop cantado en espa\u00f1ol y grabadas en la memoria del p\u00fablico de Espa\u00f1a y Latinoam\u00e9rica. Entradas 20 y 25 Euros.<\/p>\n<p>Un d\u00eda despu\u00e9s, 21 de enero, ser\u00e1 el turno de Sidonie que llega tambi\u00e9n con nuevo disco, El Fluido Garc\u00eda. La psicodelia es el mejor g\u00e9nero que define este nuevo trabajo, que fue publicado el pasado 18 de octubre. El Fluido Garc\u00eda es el sexto \u00e1lbum de estudio del grupo. Lejos quedan aquellos a\u00f1os, por los noventa, en los que presentaban sus primeras maquetas. Desde entonces Sidonie ha ido creciendo, trabajando y evolucionando hasta ser considerado una de los grupos m\u00e1s personales, inquietos e influyentes del pop espa\u00f1ol. El nuevo disco es una evoluci\u00f3n de su trabajo, que ha roto radicalmente con sus anteriores discos. Localidades, 15 Euros.<\/p>\n<p>El 4 de febrero ser\u00e1 el turno de Dani Mart\u00edn. Tras m\u00e1s de una d\u00e9cada cosechando \u00e9xitos, los l\u00edderes de El Canto del Loco decidieron probar suerte en solitario mientras el grupo se toma un periodo de descanso. Hace unos meses fue Dani Mart\u00edn, su vocalista, quien presenta Peque\u00f1o, su primer disco en solitario, que ha sido n\u00famero en la lista de ventas en nuestro pa\u00eds. Las entradas cuestan 15, 18 y 25 Euros.<\/p>\n<p>Uno de los guitarristas internacionales m\u00e1s influyentes en el mundo de la m\u00fasica, tambi\u00e9n pasar\u00e1 por Murcia. Joe Bonamassa estar\u00e1 en el ciclo Otras m\u00fasicas el 24 de febrero. Su habilidad para conectar con p\u00fablico es transformacional, y su nuevo disco, Dust Bowl, trae la energ\u00eda de su m\u00fasica con mucho m\u00e1s gancho que antes. Dust Bowl es el noveno disco de Bonamassa en estudio, donde combina la base blues de sus primeros discos con su particular sonido personal y algunos toques de country. Entradas a 25, 30 y 35 Euros.<\/p>\n<p>El 1 de febrero de 2011, Pablo Albor\u00e1n public\u00f3 su primer \u00e1lbum en Espa\u00f1a. Menos de ocho meses despu\u00e9s, era nominado a tres premios Grammy Latinos, hab\u00eda permanecido 15 semanas en el n\u00ba1 de la lista de los m\u00e1s vendidos, ten\u00eda un Disco de Platino y m\u00e1s de 280.000 amigos registrados en Facebook, m\u00e1s de 16 millones de personas hab\u00edan visto sus v\u00eddeos en YouTube y hab\u00eda realizado una gira de m\u00e1s de 60 conciertos, pr\u00e1cticamente todos con el cartel de \u201cNo hay entradas\u201d colgado en las taquillas. Sin duda, Pablo Albor\u00e1n es el artista espa\u00f1ol del a\u00f1o y de los que aparecen con cuentagotas en d\u00e9cadas. Solo algunos, muy pocos, elegidos pueden llegar a esa conexi\u00f3n con su p\u00fablico en tan poco tiempo. Hay que tener magnetismo, carisma y buenas canciones para conseguirlo. Estar\u00e1 en Murcia el domingo 18 de marzo. Entradas, 15, 20 y 25 Euros.<\/p>\n<p>The Flying Pickets es el grupo a capella m\u00e1s importante del mundo.<\/p>\n<p>El grupo se form\u00f3 en 1982, en una \u00e9poca en la que nadie m\u00e1s en Reino Unido se dedicaba al pop\/rock a cappella, y enseguida tuvieron un gran \u00e9xito. Su primera grabaci\u00f3n fue un espect\u00e1culo en directo que pronto llam\u00f3 la atenci\u00f3n de Virgin Records, con quien firmaron en 1983. Su primer single con Virgin, \u201cOnly You\u201d, versi\u00f3n de una canci\u00f3n de Yazoo, fue directo al n\u00famero uno de las listas en Reino Unido, convirti\u00e9ndose en un \u00e9xito en casi todos los pa\u00edses de Europa. Desde ese momento su carrera no ha sufrido ning\u00fan bajo, publicando discos y haciendo giras por todo el mundo. El 22 de marzo pasar\u00e1n por el ciclo Otras m\u00fasicas. Las localidades a 24 Euros.<\/p>\n<p>Y como si un partido de futbol Murcia-Vigo se tratase, el 24 de marzo en Murcia viviremos el Second vs. Cat People. Un partido musical en el que veremos a dos de las bandas de pop del momento: los murcianos Second, y los vigueses Cat People. Unos d\u00edas despu\u00e9s jugar\u00e1n el partido de vuelta en Vigo, de donde proceden Cat People. Cada una de las bandas presentar\u00e1 su nuevo trabajo y jugar\u00e1n un tiempo de pr\u00f3rroga conjunto, donde versiones y canciones conjuntas ser\u00e1n las protagonistas de tiempo de desempate.<\/p>\n<p>El jueves 19 de abril actuar\u00e1 Mal\u00fa, que hace unos d\u00edas public\u00f3 el disco \u00cdntima Guerra Fr\u00eda, un disco en directo donde aparecen los \u00e9xitos m\u00e1s importantes del \u00e1lbum Guerra Fr\u00eda, y canciones fundamentales en la carrera de Mal\u00fa, como Aprendiz, Diles o No voy a cambiar y siete canciones del \u00e1lbum Guerra Fr\u00eda en maqueta, tal como se concibieron antes de grabarlas definitivamente en estudio. Este disco es la continuaci\u00f3n de una carrera que comenz\u00f3 en 1998 cuando Mal\u00fa apenas ten\u00eda 16 a\u00f1os y grab\u00f3 su primer \u00e1lbum: Aprendiz. Con tres canciones compuestas por Alejandro Sanz, el debut fue de los que hacen \u00e9poca al conseguir cuatro Discos de Platino y el premio Amigo al Artista Revelaci\u00f3n. Las entradas cuestan 18 y 25 Euros.<\/p>\n<p>La que agotar\u00e1 las entradas en apenas unos d\u00edas con toda seguridad ser\u00e1 Lorena McKenitt. Sus anteriores pasos por el Auditorio de Murcia as\u00ed lo indican y es que es una autora de culto, con unos seguidores fieles, que la siguen all\u00e1 por donde act\u00faa. La ecl\u00e9ctica y singular m\u00fasica celta de Loreena Mckennitt viene con su nueva gira \u201cHuellas Celtas\u201d. Musicalmente, el p\u00fablico podr\u00e1 escuchar temas de muchos de los doce \u00e1lbumes de la cantante, quien ha explorado las ra\u00edces de la m\u00fasica celta en un viaje que parte de Asia Menor y culmina en Irlanda. Actuar\u00e1 el domingo 22 de abril. Las entradas cuestan 35, 40 y 50 Euros.<\/p>\n<p>Uno de los grandes que siempre deja con ganas de m\u00e1s es Raphael y por eso visitar\u00e1 de nuevo el Auditorio Regional V\u00edctor Villegas. Lo har\u00e1 el 24 de abril. Las entradas cuestan 40, 35 y 25 Euros.<\/p>\n<p>LEIVA (cantante de Pereza) presentar\u00e1 en el Auditorio Victor Villegas de Murcia, lo que ser\u00e1 su debut en solitario, titulado \u201cDiciembre\u201d, y que saldr\u00e1 a la venta el pr\u00f3ximo 14 de Febrero. Estar\u00e1 en el ciclo Otras M\u00fasicas el 28 de abril. Las entradas cuestan 20 Euros.<\/p>\n<p>La programaci\u00f3n la cerrar\u00e1 el grupo murciano que m\u00e1s discos vende, Maldita Nerea.que presentar\u00e1 en directo por primera vez en Murcia su nuevo \u00e1lbum, \u2018F\u00c1CIL\u2019, que vio la luz en mayo de 2011 alcanzando directamente el n\u00ba1 en la lista oficial de venta de discos y en iTunes, y ya es Disco de Oro. Los dos primeros singles del \u00e1lbum, \u2018F\u00e1cil\u2019 y \u2018\u00bfNo pod\u00edamos ser agua?\u2019 se han convertido en un hit en todas las radios y televisiones musicales. Maldita Nerea ha desarrollado una coherente y honesta carrera desde su origen hace 10 a\u00f1os entre Murcia y Salamanca. Con su anterior \u00e1lbum, \u2018Es un secreto\u2026 no se lo digas a nadie\u2019, Maldita Nerea se confirm\u00f3 como el artista revelaci\u00f3n del pop nacional: m\u00e1s de 70 semanas consecutivas en los primeros puestos de la lista oficial de ventas, Disco de Oro (y ya cerca del Platino), n\u00ba1 en radios con sus tres singles, tres Premios 40 Principales 2010, n\u00ba1 en iTunes y Spotify, l\u00edderes en redes sociales con cientos de miles de amigos en Facebook, Twitter y Tuenti, y millones de visitas en Youtube,\u2026.<\/p>\n<p>Fuente: Teleprensa &#8211; <a href=\"http:\/\/www.teleprensa.es\/murcia-noticia-337796-dani-martin-pablo-alborn-manolo-garca-raphael-y-maldita-nerea-en-murcia.html\" target=\"_new\">ENLACE<\/a><\/p>\n","protected":false},"excerpt":{"rendered":"<p>La Oreja de Van Gogh, Sidonie, Dani Mart\u00edn, Manolo Garc\u00eda, Joe Bonamassa, Pablo Albor\u00e1n, The Flying Pickets, Catpeople, Mal\u00fa, Loreena McKenitt, Raphael, Leyva y Maldita Nerea son los protagonistas de la programaci\u00f3n del ciclo Otras m\u00fasicas del Auditorio Regional V\u00edctor Villegas entre enero y mayo de 2012. Las entradas ya se pueden adquirir en las<a class=\"moretag\" href=\"https:\/\/www.manologarciaycia.com\/?p=2498\" title=\"MG: Dani Martin, Pablo Alboran, Manolo Garcia, Raphael y Maldita Nerea en Murcia\" target=\"_self\" rel=\"follow\"> <font face=arial size=2>[Leer m\u00e1s]<\/font> <\/a><\/p>\n","protected":false},"author":2,"featured_media":0,"comment_status":"closed","ping_status":"closed","sticky":false,"template":"","format":"standard","meta":{"footnotes":""},"categories":[1],"tags":[],"class_list":["post-2498","post","type-post","status-publish","format-standard","hentry","category-manolo-garcia"],"_links":{"self":[{"href":"https:\/\/www.manologarciaycia.com\/index.php?rest_route=\/wp\/v2\/posts\/2498","targetHints":{"allow":["GET"]}}],"collection":[{"href":"https:\/\/www.manologarciaycia.com\/index.php?rest_route=\/wp\/v2\/posts"}],"about":[{"href":"https:\/\/www.manologarciaycia.com\/index.php?rest_route=\/wp\/v2\/types\/post"}],"author":[{"embeddable":true,"href":"https:\/\/www.manologarciaycia.com\/index.php?rest_route=\/wp\/v2\/users\/2"}],"replies":[{"embeddable":true,"href":"https:\/\/www.manologarciaycia.com\/index.php?rest_route=%2Fwp%2Fv2%2Fcomments&post=2498"}],"version-history":[{"count":1,"href":"https:\/\/www.manologarciaycia.com\/index.php?rest_route=\/wp\/v2\/posts\/2498\/revisions"}],"predecessor-version":[{"id":2499,"href":"https:\/\/www.manologarciaycia.com\/index.php?rest_route=\/wp\/v2\/posts\/2498\/revisions\/2499"}],"wp:attachment":[{"href":"https:\/\/www.manologarciaycia.com\/index.php?rest_route=%2Fwp%2Fv2%2Fmedia&parent=2498"}],"wp:term":[{"taxonomy":"category","embeddable":true,"href":"https:\/\/www.manologarciaycia.com\/index.php?rest_route=%2Fwp%2Fv2%2Fcategories&post=2498"},{"taxonomy":"post_tag","embeddable":true,"href":"https:\/\/www.manologarciaycia.com\/index.php?rest_route=%2Fwp%2Fv2%2Ftags&post=2498"}],"curies":[{"name":"wp","href":"https:\/\/api.w.org\/{rel}","templated":true}]}}