{"id":2492,"date":"2011-12-30T09:00:43","date_gmt":"2011-12-30T08:00:43","guid":{"rendered":"http:\/\/www.manologarciaycia.com\/?p=2492"},"modified":"2011-12-30T09:02:15","modified_gmt":"2011-12-30T08:02:15","slug":"mg-la-gira-del-nuevo-disco-de-manolo-garcia-recalara-en-el-trui-teatre","status":"publish","type":"post","link":"https:\/\/www.manologarciaycia.com\/?p=2492","title":{"rendered":"MG: La gira del nuevo disco de Manolo Garcia recalara en el Trui Teatre"},"content":{"rendered":"<p><img loading=\"lazy\" decoding=\"async\" class=\"alignleft\" src=\"http:\/\/ocio.diariodemallorca.es\/img_contenido\/noticias\/44018\/2011_12_29_IMG_2011_12_29_223247_v45sc002__318x216.jpg\" alt=\"\" width=\"318\" height=\"216\" \/> Manolo Garc\u00eda, el exintegrante de El \u00daltimo de la Fila, est\u00e1 de gira por teatros con Los d\u00edas intactos, su quinto disco de estudio en su trayectoria en solitario, despu\u00e9s de haber publicado Saldremos a la lluvia (2008), Para que no se duerman mis sentidos (2004), Nunca el tiempo es perdido (2001) y Arena en los bolsillos (1998). Un \u00e1lbum que contiene catorce nuevas canciones y que podr\u00e1 escucharse en directo en Palma el pr\u00f3ximo 2 de marzo (21,30 horas, 35 euros), en el Trui Teatre, en un generoso concierto en el que tambi\u00e9n repasar\u00e1 parte de su discograf\u00eda, como es habitual en \u00e9l.<\/p>\n<p>\nDisco de Platino desde el mismo d\u00eda de su lanzamiento, el pasado 25 de octubre, Los d\u00edas intactos cont\u00f3 con la participaci\u00f3n de grandes nombres, como los del guitarrista Waddy Watchel, los bajistas Leland Sklar y Bob Glaub, y el bater\u00eda Kenny Aronoff, m\u00fasicos que han tocado con Bob Dylan, Keith Richards, Elton John, los Rolling, Ray Charles o B.B.King.<\/p>\n<p>El cantante catal\u00e1n presentar\u00e1 las 14 nuevas canciones de &#8216;Los d\u00edas intactos&#8217; el 2 de marzo.\u00a0Los d\u00edas intactos, ha explicado el autor, se refiere \u00aba los d\u00edas v\u00edrgenes, cuando todav\u00eda no te ha agredido la realidad, cuando has decidido no leer los peri\u00f3dicos, cuanto te apetece escuchar buena m\u00fasica y, quiz\u00e1s, pintar o componer algo\u00bb.<\/p>\n<p>Un disco con el que sigue enfund\u00e1ndose el traje de rockero, porque Manolo Garc\u00eda es esencialmente un rockero. \u00abYo creo en la dignidad del m\u00fasico de rock. No hablo de poses, sino de comportamientos palpables. Nunca he vendido canciones para publicidad, no cedo temas a musicales y me repate\u00f3 que nos versionaran en Operaci\u00f3n Triunfo\u00bb.<\/p>\n<p>Fuente: Diario de Mallorca &#8211; <a href=\"http:\/\/ocio.diariodemallorca.es\/agenda\/noticias\/nws-44018-la-gira-nuevo-disco-manolo-garcia-recalara-trui-teatre.html\" target=\"_blank\">ENLACE<\/a><\/p>\n","protected":false},"excerpt":{"rendered":"<p>Manolo Garc\u00eda, el exintegrante de El \u00daltimo de la Fila, est\u00e1 de gira por teatros con Los d\u00edas intactos, su quinto disco de estudio en su trayectoria en solitario, despu\u00e9s de haber publicado Saldremos a la lluvia (2008), Para que no se duerman mis sentidos (2004), Nunca el tiempo es perdido (2001) y Arena en<a class=\"moretag\" href=\"https:\/\/www.manologarciaycia.com\/?p=2492\" title=\"MG: La gira del nuevo disco de Manolo Garcia recalara en el Trui Teatre\" target=\"_self\" rel=\"follow\"> <font face=arial size=2>[Leer m\u00e1s]<\/font> <\/a><\/p>\n","protected":false},"author":2,"featured_media":0,"comment_status":"closed","ping_status":"closed","sticky":false,"template":"","format":"standard","meta":{"footnotes":""},"categories":[1],"tags":[],"class_list":["post-2492","post","type-post","status-publish","format-standard","hentry","category-manolo-garcia"],"_links":{"self":[{"href":"https:\/\/www.manologarciaycia.com\/index.php?rest_route=\/wp\/v2\/posts\/2492","targetHints":{"allow":["GET"]}}],"collection":[{"href":"https:\/\/www.manologarciaycia.com\/index.php?rest_route=\/wp\/v2\/posts"}],"about":[{"href":"https:\/\/www.manologarciaycia.com\/index.php?rest_route=\/wp\/v2\/types\/post"}],"author":[{"embeddable":true,"href":"https:\/\/www.manologarciaycia.com\/index.php?rest_route=\/wp\/v2\/users\/2"}],"replies":[{"embeddable":true,"href":"https:\/\/www.manologarciaycia.com\/index.php?rest_route=%2Fwp%2Fv2%2Fcomments&post=2492"}],"version-history":[{"count":5,"href":"https:\/\/www.manologarciaycia.com\/index.php?rest_route=\/wp\/v2\/posts\/2492\/revisions"}],"predecessor-version":[{"id":2497,"href":"https:\/\/www.manologarciaycia.com\/index.php?rest_route=\/wp\/v2\/posts\/2492\/revisions\/2497"}],"wp:attachment":[{"href":"https:\/\/www.manologarciaycia.com\/index.php?rest_route=%2Fwp%2Fv2%2Fmedia&parent=2492"}],"wp:term":[{"taxonomy":"category","embeddable":true,"href":"https:\/\/www.manologarciaycia.com\/index.php?rest_route=%2Fwp%2Fv2%2Fcategories&post=2492"},{"taxonomy":"post_tag","embeddable":true,"href":"https:\/\/www.manologarciaycia.com\/index.php?rest_route=%2Fwp%2Fv2%2Ftags&post=2492"}],"curies":[{"name":"wp","href":"https:\/\/api.w.org\/{rel}","templated":true}]}}