{"id":2487,"date":"2011-12-28T11:19:07","date_gmt":"2011-12-28T10:19:07","guid":{"rendered":"http:\/\/www.manologarciaycia.com\/?p=2487"},"modified":"2011-12-28T11:19:07","modified_gmt":"2011-12-28T10:19:07","slug":"mg-agotadas-las-entradas-para-los-tres-primeros-conciertos-en-barcelona-hoy-a-la-venta-dos-nuevas-fechas","status":"publish","type":"post","link":"https:\/\/www.manologarciaycia.com\/?p=2487","title":{"rendered":"MG: AGOTADAS LAS ENTRADAS PARA LOS TRES PRIMEROS CONCIERTOS EN BARCELONA. HOY A LA VENTA DOS NUEVAS FECHAS"},"content":{"rendered":"<p>Manolo Garc\u00eda cuelga el cartel de entradas agotadas en los conciertos puestos a la venta la semana pasada en Barcelona, dos actuaciones en el Teatro Coliseum y otra en el Palau de la M\u00fasica. Este \u00faltimo concierto, vendido en poco m\u00e1s de media hora, se har\u00e1 con la finalidad de donar todos sus beneficios a la Fundaci\u00f3n contra el c\u00e1ncer FEFOC.<\/p>\n<p>Hoy se ponen a la venta dos nuevas fechas en el mismo Teatro Coliseum, los d\u00edas 10 y 11 de mayo.<\/p>\n<p>Los conciertos de la gira que comenzar\u00e1 el d\u00eda 10 de febrero confirmado por ahora son:<\/p>\n<p>Febrero:<br \/>\n10 Roquetas (Almer\u00eda) Teatro Auditorio<br \/>\n11 Roquetas (Almer\u00eda) Teatro Auditorio<br \/>\n18 Murcia Auditorio y Centro de Congresos V\u00edctor Villegas<br \/>\n19 Murcia Auditorio y Centro de Congresos V\u00edctor Villegas<br \/>\n24 Talavera de la Reina Recinto Ferial<\/p>\n<p>Marzo:<br \/>\n2 Mallorca Trui Teatre<br \/>\n8 Valencia\tPalacio de Congresos<br \/>\n9 Valencia Palacio de Congresos<br \/>\n16 M\u00e1laga\tM\u00e1laga Auditorium Club<br \/>\n17 M\u00e1laga\tM\u00e1laga Auditorium Club<br \/>\n22 Zaragoza Auditorio, Sala Mozart<br \/>\n23 Zaragoza Auditorio, Sala Mozart<\/p>\n<p>Abril:<br \/>\n13 Madrid Palacio Municipal de Congresos del Campo de las Naciones<br \/>\n14 Madrid Palacio Municipal de Congresos del Campo de las Naciones<br \/>\n19 Madrid Palacio Municipal de Congresos del Campo de las Naciones<br \/>\n20 Madrid Palacio Municipal de Congresos del Campo de las Naciones<br \/>\n27 Madrid Palacio Municipal de Congresos del Campo de las Naciones<br \/>\n28 Madrid Palacio Municipal de Congresos del Campo de las Naciones<\/p>\n<p>Mayo:<br \/>\n4 Barcelona Teatre Coliseum<br \/>\n5 Barcelona Teatre Coliseum<br \/>\n10 Barcelona Teatre Coliseum<br \/>\n11 Barcelona Teatre Coliseum<br \/>\n16 San Sebasti\u00e1n Palacio de Congresos y Auditorio Kursaal<br \/>\n19 Oviedo Auditorio y Palacio de Congresos Pr\u00edncipe Felipe<br \/>\n23 Barcelona Teatre Coliseum<br \/>\n25 Barcelona Palau de la M\u00fasica<\/p>\n<p>Junio:<br \/>\n2 Ja\u00e9n Auditorio de la Alameda<br \/>\n22 C\u00f3rdoba Teatro Auditorio La Axerqu\u00eda<\/p>\n<p>Fuente: Pag. Oficial Manolo Garcia<\/p>\n","protected":false},"excerpt":{"rendered":"<p>Manolo Garc\u00eda cuelga el cartel de entradas agotadas en los conciertos puestos a la venta la semana pasada en Barcelona, dos actuaciones en el Teatro Coliseum y otra en el Palau de la M\u00fasica. Este \u00faltimo concierto, vendido en poco m\u00e1s de media hora, se har\u00e1 con la finalidad de donar todos sus beneficios a<a class=\"moretag\" href=\"https:\/\/www.manologarciaycia.com\/?p=2487\" title=\"MG: AGOTADAS LAS ENTRADAS PARA LOS TRES PRIMEROS CONCIERTOS EN BARCELONA. HOY A LA VENTA DOS NUEVAS FECHAS\" target=\"_self\" rel=\"follow\"> <font face=arial size=2>[Leer m\u00e1s]<\/font> <\/a><\/p>\n","protected":false},"author":2,"featured_media":0,"comment_status":"closed","ping_status":"closed","sticky":false,"template":"","format":"standard","meta":{"footnotes":""},"categories":[1],"tags":[],"class_list":["post-2487","post","type-post","status-publish","format-standard","hentry","category-manolo-garcia"],"_links":{"self":[{"href":"https:\/\/www.manologarciaycia.com\/index.php?rest_route=\/wp\/v2\/posts\/2487","targetHints":{"allow":["GET"]}}],"collection":[{"href":"https:\/\/www.manologarciaycia.com\/index.php?rest_route=\/wp\/v2\/posts"}],"about":[{"href":"https:\/\/www.manologarciaycia.com\/index.php?rest_route=\/wp\/v2\/types\/post"}],"author":[{"embeddable":true,"href":"https:\/\/www.manologarciaycia.com\/index.php?rest_route=\/wp\/v2\/users\/2"}],"replies":[{"embeddable":true,"href":"https:\/\/www.manologarciaycia.com\/index.php?rest_route=%2Fwp%2Fv2%2Fcomments&post=2487"}],"version-history":[{"count":1,"href":"https:\/\/www.manologarciaycia.com\/index.php?rest_route=\/wp\/v2\/posts\/2487\/revisions"}],"predecessor-version":[{"id":2488,"href":"https:\/\/www.manologarciaycia.com\/index.php?rest_route=\/wp\/v2\/posts\/2487\/revisions\/2488"}],"wp:attachment":[{"href":"https:\/\/www.manologarciaycia.com\/index.php?rest_route=%2Fwp%2Fv2%2Fmedia&parent=2487"}],"wp:term":[{"taxonomy":"category","embeddable":true,"href":"https:\/\/www.manologarciaycia.com\/index.php?rest_route=%2Fwp%2Fv2%2Fcategories&post=2487"},{"taxonomy":"post_tag","embeddable":true,"href":"https:\/\/www.manologarciaycia.com\/index.php?rest_route=%2Fwp%2Fv2%2Ftags&post=2487"}],"curies":[{"name":"wp","href":"https:\/\/api.w.org\/{rel}","templated":true}]}}