{"id":24862,"date":"2026-05-14T09:39:41","date_gmt":"2026-05-14T07:39:41","guid":{"rendered":"https:\/\/www.manologarciaycia.com\/?p=24862"},"modified":"2026-05-14T09:39:43","modified_gmt":"2026-05-14T07:39:43","slug":"un-evento-patrio-en-mis-zapatos-una-generacion-z-ante-el-ultimo-de-la-fila","status":"publish","type":"post","link":"https:\/\/www.manologarciaycia.com\/?p=24862","title":{"rendered":"\u00abUn evento patrio en mis zapatos: una Generaci\u00f3n Z ante El \u00daltimo de la Fila\u00bb"},"content":{"rendered":"\n<p class=\"wp-block-paragraph\">Las&nbsp;<strong>canciones<\/strong>&nbsp;son mi refugio y, como muchas otras personas, los&nbsp;<strong>conciertos<\/strong>&nbsp;en los que puedo rezarlas a pleno pulm\u00f3n son mi debilidad. Hace cuatro a\u00f1os llegu\u00e9 a Barcelona por trabajo -y con amor-, y recuerdo lo cuesta arriba que se me hizo mi primer verano, que estuvo lleno de preguntas existenciales en una ciudad desconocida. Y aunque no soy de Barcelona, yo tambi\u00e9n me mor\u00ed de calor. Quiz\u00e1 porque era un tema que sol\u00eda sonar en la radio de mi infancia, acab\u00e9 creando una lista de reproducci\u00f3n llamada \u201cHace calor en Barcelona\u201d con esos himnos que tanto anhelaba.<\/p>\n\n\n\n<p class=\"wp-block-paragraph\">Desde entonces,&nbsp;<strong>Barcelona ha cambiado, y yo con ella,<\/strong>&nbsp;y, sin embargo, no he parado de escucharlos. Porque cuando me dijeron \u00ab&#8216;good-bye&#8217; tan ricamente\u00bb, \u00abaprend\u00ed a ser alga en el mar de la calma\u00bb. Porque me defend\u00ed cort\u00e1ndome el pelo y call\u00e9 si no mejoraba la belleza del silencio. Porque yo tambi\u00e9n dej\u00e9 mi estepa para rezar a las orillas de un mar antiguo y azul, que me conecta con la encina de mi lejano hogar. Y, sobre todo, porque entend\u00ed que juego en casa siempre que mi patria sean mis zapatos y mis manos sean mi ej\u00e9rcito.<\/p>\n\n\n\n<p class=\"wp-block-paragraph\">El pasado jueves tuve la oportunidad de armarme de valor para convertirme -quiz\u00e1- en la\u00a0<strong>\u00fanica persona de la Generaci\u00f3n Z<\/strong>\u00a0(nac\u00ed en el 98, parad\u00f3jicamente el mismo a\u00f1o en que la banda se separ\u00f3) cantando a pleno pulm\u00f3n todos estos versos alados en el\u00a0regreso de El \u00daltimo de la Fila, en Montjuic. Fue tan m\u00e1gico que roz\u00f3 lo religioso; as\u00ed que,<strong>\u00a0Manolo y Quimi, gracias por haberlo hecho posible.<\/strong>\u00a0Os prometo que ir\u00e9 y me multiplicar\u00e9, siempre y cuando vosotros sig\u00e1is convirtiendo el agua en vino, bendecidos por el Dios de los a\u00f1os bien llevados<br><br>Fuente: Alicia Burgos &#8211; El Peri\u00f3dico &#8211; Foto Ferran Sendra &#8211; <a href=\"https:\/\/www.elperiodico.com\/es\/entre-todos\/participacion\/el-ultimo-de-la-fila-concierto-regreso-estadi-olimpic-carta-lector-alicia-burgos-130022143\">\u00abUn evento patrio en mis zapatos: una Generaci\u00f3n Z ante El \u00daltimo de la Fila\u00bb<\/a><\/p>\n","protected":false},"excerpt":{"rendered":"<p>Las&nbsp;canciones&nbsp;son mi refugio y, como muchas otras personas, los&nbsp;conciertos&nbsp;en los que puedo rezarlas a pleno pulm\u00f3n son mi debilidad. Hace cuatro a\u00f1os llegu\u00e9 a Barcelona por trabajo -y con amor-, y recuerdo lo cuesta arriba que se me hizo mi primer verano, que estuvo lleno de preguntas existenciales en una ciudad desconocida. Y aunque no<a class=\"moretag\" href=\"https:\/\/www.manologarciaycia.com\/?p=24862\" title=\"\u00abUn evento patrio en mis zapatos: una Generaci\u00f3n Z ante El \u00daltimo de la Fila\u00bb\" target=\"_self\" rel=\"follow\"> <font face=arial size=2>[Leer m\u00e1s]<\/font> <\/a><\/p>\n","protected":false},"author":2,"featured_media":24863,"comment_status":"closed","ping_status":"closed","sticky":false,"template":"","format":"standard","meta":{"footnotes":""},"categories":[1],"tags":[],"class_list":["post-24862","post","type-post","status-publish","format-standard","has-post-thumbnail","hentry","category-manolo-garcia"],"_links":{"self":[{"href":"https:\/\/www.manologarciaycia.com\/index.php?rest_route=\/wp\/v2\/posts\/24862","targetHints":{"allow":["GET"]}}],"collection":[{"href":"https:\/\/www.manologarciaycia.com\/index.php?rest_route=\/wp\/v2\/posts"}],"about":[{"href":"https:\/\/www.manologarciaycia.com\/index.php?rest_route=\/wp\/v2\/types\/post"}],"author":[{"embeddable":true,"href":"https:\/\/www.manologarciaycia.com\/index.php?rest_route=\/wp\/v2\/users\/2"}],"replies":[{"embeddable":true,"href":"https:\/\/www.manologarciaycia.com\/index.php?rest_route=%2Fwp%2Fv2%2Fcomments&post=24862"}],"version-history":[{"count":1,"href":"https:\/\/www.manologarciaycia.com\/index.php?rest_route=\/wp\/v2\/posts\/24862\/revisions"}],"predecessor-version":[{"id":24864,"href":"https:\/\/www.manologarciaycia.com\/index.php?rest_route=\/wp\/v2\/posts\/24862\/revisions\/24864"}],"wp:featuredmedia":[{"embeddable":true,"href":"https:\/\/www.manologarciaycia.com\/index.php?rest_route=\/wp\/v2\/media\/24863"}],"wp:attachment":[{"href":"https:\/\/www.manologarciaycia.com\/index.php?rest_route=%2Fwp%2Fv2%2Fmedia&parent=24862"}],"wp:term":[{"taxonomy":"category","embeddable":true,"href":"https:\/\/www.manologarciaycia.com\/index.php?rest_route=%2Fwp%2Fv2%2Fcategories&post=24862"},{"taxonomy":"post_tag","embeddable":true,"href":"https:\/\/www.manologarciaycia.com\/index.php?rest_route=%2Fwp%2Fv2%2Ftags&post=24862"}],"curies":[{"name":"wp","href":"https:\/\/api.w.org\/{rel}","templated":true}]}}