{"id":24819,"date":"2026-05-03T10:03:01","date_gmt":"2026-05-03T08:03:01","guid":{"rendered":"https:\/\/www.manologarciaycia.com\/?p=24819"},"modified":"2026-05-03T10:03:06","modified_gmt":"2026-05-03T08:03:06","slug":"manolo-garcia-y-quimi-portet-el-ultimo-de-la-fila-es-volver-a-casa-estabamos-locos-por-la-musica-y-eso-nos-sigue-uniendo","status":"publish","type":"post","link":"https:\/\/www.manologarciaycia.com\/?p=24819","title":{"rendered":"Manolo Garc\u00eda y Quimi Portet: \u201cEl \u00daltimo de la Fila es volver a casa; est\u00e1bamos locos por la m\u00fasica y eso nos sigue uniendo\u201d"},"content":{"rendered":"\n<p>El legendario grupo barcelon\u00e9s act\u00faa este domingo y el pr\u00f3ximo jueves en el Estadi Ol\u00edmpic, segunda y tercera fecha de su gira de reuni\u00f3n, que arranc\u00f3 el pasado s\u00e1bado en Fuengirola, 30 a\u00f1os despu\u00e9s de su anterior \u2018tour\u2019. Conciertos en los que recorrer\u00e1n sus cl\u00e1sicos con el apoyo de una banda que incluye a cinco integrantes de sus formaciones de los a\u00f1os 80 y 90<\/p>\n\n\n\n<h4 class=\"wp-block-heading\"><br>Entrevista a El \u00daltimo de la Fila<\/h4>\n\n\n\n<p>La entrevista a Manolo Garc\u00eda y Quimi Portet, El \u00daltimo de la Fila.&nbsp;<strong>\/ Manu Mitru y Patricio Ortiz<\/strong><\/p>\n\n\n\n<p><img loading=\"lazy\" decoding=\"async\" src=\"https:\/\/estaticos-cdn.prensaiberica.es\/clip\/901e51d1-c118-4eb2-b0e9-3fd499ece52e_source-aspect-ratio_320w_0.jpg\" width=\"60\" height=\"60\" alt=\"Jordi Bianciotto\"><\/p>\n\n\n\n<p><a href=\"https:\/\/www.elperiodico.com\/es\/autor\/jordi-bianciotto-32998\/\">Jordi Bianciotto<\/a><\/p>\n\n\n\n<p>Barcelona02 MAY 2026 15:31<\/p>\n\n\n\n<p><img loading=\"lazy\" decoding=\"async\" src=\"https:\/\/www.elperiodico.com\/cds-statics\/assets\/img\/logos\/logo-trust.svg\" width=\"13\" height=\"13\" alt=\"Por qu\u00e9 confiar en El Peri\u00f3dico\">Por qu\u00e9 confiar en El Peri\u00f3dico<a href=\"https:\/\/www.elperiodico.com\/es\/buenas-practicas.shtml\">Por qu\u00e9 confiar en El Peri\u00f3dico<\/a><\/p>\n\n\n\n<p><strong>Llegan a Barcelona despu\u00e9s de un primer concierto, el s\u00e1bado pasado, en Fuengirola. \u00bfC\u00f3mo se sintieron en esa noche de estreno?<\/strong><\/p>\n\n\n\n<p>https:\/\/buy-eu.piano.io\/checkout\/template\/cacheableShow.html?aid=iZFMrNO1pe&#038;templateId=OTS306HC9M46&#038;offerId=fakeOfferId&#038;experienceId=EXGEQPEVOGP9&#038;iframeId=offer_08a7c7b28a1ee748ec66-0&#038;displayMode=inline&#038;pianoIdUrl=https%3A%2F%2Fauth.elperiodico.com%2Fid%2F&#038;widget=template&#038;url=https%3A%2F%2Fwww.elperiodico.com%2Fes%2Focio-y-cultura%2F20260502%2Fentrevista-manolo-garcia-quimi-portet-ultimo-fila-129768040&#038;isConsentManagerEnabled=false<\/p>\n\n\n\n<p>Quimi Portet: Fue muy agradable. Primero, vernos juntos, con toda la banda, tocando aquellos temas, te toca emocionalmente de una manera profunda. Y luego, porque es importante para la gente y lo notamos desde el primer tema.<\/p>\n\n\n\n<p><strong>Un a\u00f1o despu\u00e9s de que anunciaran la reuni\u00f3n, habiendo ensayado estos \u00faltimos meses, convivido con los m\u00fasicos y tras un primer concierto, \u00bfse sienten El \u00daltimo de la Fila?<\/strong><\/p>\n\n\n\n<p>https:\/\/buy-eu.piano.io\/checkout\/template\/cacheableShow.html?aid=iZFMrNO1pe&#038;templateId=OTWABBBYJDH3&#038;templateVariantId=OTVTWWPLH3VEO&#038;offerId=fakeOfferId&#038;experienceId=EX8KI73ZZXJP&#038;iframeId=offer_fdf968431178ca02785a-0&#038;displayMode=inline&#038;pianoIdUrl=https%3A%2F%2Fauth.elperiodico.com%2Fid%2F&#038;widget=template&#038;url=https%3A%2F%2Fwww.elperiodico.com%2Fes%2Focio-y-cultura%2F20260502%2Fentrevista-manolo-garcia-quimi-portet-ultimo-fila-129768040&#038;isConsentManagerEnabled=false<\/p>\n\n\n\n<p>Manolo Garc\u00eda: Totalmente. Nos re\u00edmos igual. Las mismas bromas, bueno, m\u00e1s selectas, porque para algo ya tenemos una veteran\u00eda (r\u00ede). Creo que s\u00ed, y no solo Quimi y yo, sino toda la banda. Esto es familia, hay una complicidad absoluta. Es volver a casa, una casa que hiciste con muy buena fe, de manera un poco inconsciente y con muchas ganas. Est\u00e1bamos locos por la m\u00fasica y eso nos sigue uniendo a todos. Sobre el escenario somos como ni\u00f1os.<\/p>\n\n\n\n<p><strong>El repertorio de Fuengirola corre por las redes, lo cual resta el elemento sorpresa que exist\u00eda antes en los conciertos. \u00bfPuede haber cambios de \u2018setlist\u2019?<\/strong><\/p>\n\n\n\n<p>M. G.: Son pocos conciertos y est\u00e1 muy medido todo. Hemos intentado tocar lo que creemos que har\u00e1 feliz a la gente. Porque, en la vida, con los a\u00f1os ves que los buenos momentos no son tan f\u00e1ciles de conseguir, y es una suerte que nosotros tengamos estas buenas cartas, que perviven, para hacer feliz a la gente si\u00e9ndolo tambi\u00e9n nosotros. No es tan f\u00e1cil con el bombardeo de desastres que vivimos.<\/p>\n\n\n\n<p>Q. P.: Estas canciones fueron grabadas por gente que ten\u00eda 30 a\u00f1os, y ahora tenemos que recuperar parte de aquella inconsciencia y urgencia de la juventud.<\/p>\n\n\n\n<p><strong>Su segundo \u00e1lbum, \u2018Enemigos de lo ajeno\u2019 (1986), cumple ahora 40 a\u00f1os y es el m\u00e1s citado en el repertorio. \u00bfSu mejor disco?<\/strong><\/p>\n\n\n\n<p>Q. P.: Para m\u00ed, es este y \u2018Astronom\u00eda razonable\u2019 (1993).<\/p>\n\n\n\n<p>M. G.: Si me permites, Quimi, \u2018Como la cabeza al sombrero\u2019 (1988) tambi\u00e9n tiene cosas. Pero \u2018Enemigos de lo ajeno\u2019 tiene una intensidad que es un poco producto de la precaria situaci\u00f3n nuestra. Hab\u00edamos fracasado, no ten\u00edamos m\u00fasicos&#8230;<\/p>\n\n\n\n<p>Q. P.: Yo tocaba el bajo porque no hab\u00eda bajista. Le pon\u00edamos la vida a aquellas 16 pistas de cada canci\u00f3n.<\/p>\n\n\n\n<p>M. G.: No ten\u00edamos dinero, nadie confiaba en nosotros. Quien comenz\u00f3 a confiar fue \u00c0ngel Casas, que ya nos dio cancha con Los Burros. Pero todo era muy dif\u00edcil. \u00c9ramos un grupo un poquito raro, y en directo, no dir\u00e9 violento, pero&#8230;<\/p>\n\n\n\n<p>Q. P.: Hombre, Manolo, una vez prendimos fuego a un plat\u00f3 de televisi\u00f3n.<\/p>\n\n\n\n<p><strong>En ese \u00e1lbum est\u00e1 uno de sus fetiches, \u2018Insurrecci\u00f3n\u2019.<\/strong><\/p>\n\n\n\n<p>M. G.: Est\u00e1bamos acabando \u2018Enemigos de lo ajeno\u2019 y result\u00f3 que el disco quedaba corto. Hac\u00eda falta una canci\u00f3n m\u00e1s. El presupuesto estaba gastado, solo nos quedaban dos horas de estudio, y yo me acord\u00e9 de un \u2018riff\u2019 de puta madre que Quimi hab\u00eda tocado un d\u00eda que est\u00e1bamos en un hostal en Murcia. El ingeniero nos dijo: \u201ca las dos en punto os echo, \u00bfeh?\u201d. Quimi se qued\u00f3 grabando las pistas de guitarra, bajo y caja de ritmos, y yo me encerr\u00e9 en el v\u00e1ter a escribir la letra.<\/p>\n\n\n\n<p><strong>\u201c\u00bfD\u00f3nde estabas entonces cuando tanto te necesit\u00e9?\u201d.<\/strong><\/p>\n\n\n\n<p>M. G.: Ahora ya puedo decirlo. No se refiere a una chica, ni a un amigo, sino a las compa\u00f1\u00edas, que machacaban a los m\u00fasicos incautos con contratos abusivos. Sali\u00f3 esto. \u201c\u00bfD\u00f3nde estabais, cabrones?\u201d. Bueno, esto no lo pongas: \u201cd\u00f3nde estabais, feos, malos, avariciosos&#8230;\u201d (r\u00ede). Muchas veces, las canciones que m\u00e1s gustan han salido as\u00ed, de una manera intempestiva.<\/p>\n\n\n\n<p><strong>De las malas experiencias sali\u00f3 su decisi\u00f3n de crear su propio sello, Perro Records.<\/strong><\/p>\n\n\n\n<p>M. G.: Para tener el control absoluto de todo el disparate nuestro. Porque eso de que te impongan cosas&#8230; \u201cVamos a poneros un productor\u201d, o \u201cvuestras letras son muy raras, conocemos a un poeta que&#8230;\u201d No, no, creamos Perro Records para hacer las cosas como nos daba la gana.<\/p>\n\n\n\n<p><strong>Se conocieron en un concierto en el que coincidieron Los R\u00e1pidos (con Manolo) y Kul de Mandril (con Quimi), en Els Hostalets de Baleny\u00e0, en 1981.<\/strong><\/p>\n\n\n\n<p>M. G.: Desde el camerino, que era la trasera del cami\u00f3n, vi a Quimi con la guitarra y d\u00e1ndole a un plato con un martillo. Yo romp\u00eda televisores en escena y me interesaba la \u2018performance\u2019. Hablamos y le dije que nosotros ya ten\u00edamos un disco. Lo piqu\u00e9 por ah\u00ed. Luego, fui a ver a Kul de Mandril al Boira y vi un cartel suyo con unos simios con escafandras, y me dije: \u201cvoy bien, esta es la onda\u201d. Hablamos, le volv\u00ed a proponer entrar en Los R\u00e1pidos, me dijo que no, pero a la semana llamaban a la puerta de mi casa y ah\u00ed estaba Quimi con una maleta.<\/p>\n\n\n\n<p>Q. P.: De esas de inmigrantes, atada con un cordel.<\/p>\n\n\n\n<p><strong>\u00bfPor d\u00f3nde conectaron, por el humor, el surrealismo?<\/strong><\/p>\n\n\n\n<p>Q. P.: Primero, por la pasi\u00f3n por la m\u00fasica popular. Luego, nos gusta la libertad, y estar juntos nos hace m\u00e1s libres. En solitario tambi\u00e9n hemos explorado esa libertad y nos lo merecemos tambi\u00e9n.<\/p>\n\n\n\n<p>M. G.: El humor nos uni\u00f3 r\u00e1pidamente. De una manera intuitiva supimos que hacer equipo ser\u00eda bueno, que el h\u00edbrido nuestro daba para algo curioso y result\u00f3n.<\/p>\n\n\n\n<p>Q. P.: La amistad se basa en el humor, incluso las parejas. Con Manolo, a veces nos dan ataques de risa, y eso que ya somos personas de edad provecta. Eso y el placer de la m\u00fasica popular: Devo, Pretenders, los Beatles, Led Zeppelin&#8230;<\/p>\n\n\n\n<p>M. G.: Y la m\u00fasica de la Barcelona de los 70: Ia-Batiste, Sisa, Pau Riba, el primer Zeleste.<\/p>\n\n\n\n<p><strong>\u00bfCierta inclinaci\u00f3n libertaria o \u00e1crata, esa resistencia a la autoridad, a las doctrinas y ortodoxias?<\/strong><\/p>\n\n\n\n<p>M. G.: Yo pienso que s\u00ed. Nosotros nos criamos en unos colegios donde hab\u00eda unos retratos y una disciplina casi militar. De repente, ves que hay unos t\u00edos peludos que tocan y se lo pasan bien, y piensas: \u201cesto me gusta m\u00e1s\u201d. Es la Barcelona que vivimos. Hemos tenido suerte, la gente de mi generaci\u00f3n.<\/p>\n\n\n\n<p><strong>Les propusieron movilizarse para conquistar las Am\u00e9ricas y dijeron que no, gracias.<\/strong><\/p>\n\n\n\n<p>M. G.: Quer\u00edan que el lim\u00f3n diera m\u00e1s jugo, y nosotros pens\u00e1bamos que, si lo exprim\u00edamos mucho, quiz\u00e1 se acababa. Tocamos en Venezuela, M\u00e9xico y poco m\u00e1s. Un p\u00fablico estupendo, pero decidimos que ir a m\u00e1s quiz\u00e1 era esclavizarnos demasiado. Quer\u00edan que fu\u00e9ramos a diez u once pa\u00edses a hacer promoci\u00f3n y a tocar. \u201cGanar\u00e9is mucho dinero\u201d. Ya, pero no tendremos vida. Calma, calma.<\/p>\n\n\n\n<p><strong>En 1992 se les propuso participar en la ceremonia inaugural de los Juegos de Barcelona y declinaron.<\/strong><\/p>\n\n\n\n<p>Q. P.: Est\u00e1bamos parados, preparando \u2018Astronom\u00eda razonable\u2019, y no nos apeteci\u00f3 y dijimos que no. Tocar en un acontecimiento que no es musical, donde es solo un acompa\u00f1amiento&#8230; Quiz\u00e1 nos equivocamos, no lo s\u00e9. No fue arrogancia, simplemente no lo vimos adecuado en aquel momento. Los Juegos fueron muy importantes para Barcelona, pero no veo qu\u00e9 pod\u00edamos aportar nosotros, que no somos atletas, sino m\u00fasicos.<\/p>\n\n\n\n<p><strong>Tras la gira de \u2018La rebeli\u00f3n de los hombres rana\u2019 (1995-96) se separaron. \u00bfQue Quimi quisiera hacer canciones en catal\u00e1n fue un ingrediente determinante?<\/strong><\/p>\n\n\n\n<p>Q. P.: No espec\u00edficamente. Yo quer\u00eda hacer mis cositas, que son en catal\u00e1n, s\u00ed, pero la cuesti\u00f3n es que eran cosas m\u00edas y no pod\u00eda implicar en ellas a Manolo. Eran mis perturbaciones y he hecho 11 discos con ellas. Estuvimos 16 a\u00f1os trabajando dur\u00edsimamente para que El \u00daltimo de la Fila funcionara, y no haber aprovechado eso y hacer del grupo una jaula, en manos de las discogr\u00e1ficas, habr\u00eda sido algo en lo que no nos ve\u00eda, ni a Manolo ni a m\u00ed.<\/p>\n\n\n\n<p>M. G.: Sab\u00edamos que lo que, como equipo, pod\u00edamos hacer, ya estaba hecho. Ahora hemos vuelto y podemos hacer a lo mejor dos canciones nuevas, o tres, porque somos libres, estamos contentos y somos m\u00fasicos.<\/p>\n\n\n\n<p><strong>La gira termina el 9 de julio en Val\u00e8ncia. \u00bfY despu\u00e9s? \u00bfHabr\u00e1 m\u00e1s?<\/strong><\/p>\n\n\n\n<p>Q. P.: Es una posibilidad. Puede que s\u00ed, o que no, como siempre. Como dice Manolo&#8230;<\/p>\n\n\n\n<p>M. G.: Ya cruzaremos ese puente cuando lleguemos a \u00e9l (r\u00ede).<\/p>\n\n\n\n<p><strong>Aunque sea tocar su esfera personal, esta vez es pertinente preguntarle a Manolo por esa joven guitarrista, llamada Sara Garc\u00eda, que se ha sumado a los conciertos de esta gira y que, como se est\u00e1 diciendo profusamente, resulta ser su hija.<\/strong><\/p>\n\n\n\n<p>Noticias relacionadas<\/p>\n\n\n\n<p>M. G.: Ah, s\u00ed, pero hay otro componente en el grupo que se llama Juan Carlos Garc\u00eda (r\u00ede). No tengo nada que decir. Soy m\u00fasico, toco&#8230; Y como no miro las redes, no tengo internet, y hace tiempo que tom\u00e9 la costumbre de no ver nada, ni la tele&#8230; \u00bfDicen esto? Yo que s\u00e9, yo no he dicho nada.<br><br>Fuente: Jordi Bianciotto &#8211; El Peri\u00f3dico &#8211; <a href=\"https:\/\/www.elperiodico.com\/es\/ocio-y-cultura\/20260502\/entrevista-manolo-garcia-quimi-portet-ultimo-fila-129768040\">Manolo Garc\u00eda y Quimi Portet: \u201cEl \u00daltimo de la Fila es volver a casa; est\u00e1bamos locos por la m\u00fasica y eso nos sigue uniendo\u201d<\/a> <br>Foto: Manu Mitru y Patricio Ortiz<\/p>\n","protected":false},"excerpt":{"rendered":"<p>El legendario grupo barcelon\u00e9s act\u00faa este domingo y el pr\u00f3ximo jueves en el Estadi Ol\u00edmpic, segunda y tercera fecha de su gira de reuni\u00f3n, que arranc\u00f3 el pasado s\u00e1bado en Fuengirola, 30 a\u00f1os despu\u00e9s de su anterior \u2018tour\u2019. Conciertos en los que recorrer\u00e1n sus cl\u00e1sicos con el apoyo de una banda que incluye a cinco<a class=\"moretag\" href=\"https:\/\/www.manologarciaycia.com\/?p=24819\" title=\"Manolo Garc\u00eda y Quimi Portet: \u201cEl \u00daltimo de la Fila es volver a casa; est\u00e1bamos locos por la m\u00fasica y eso nos sigue uniendo\u201d\" target=\"_self\" rel=\"follow\"> <font face=arial size=2>[Leer m\u00e1s]<\/font> <\/a><\/p>\n","protected":false},"author":2,"featured_media":24820,"comment_status":"closed","ping_status":"closed","sticky":false,"template":"","format":"standard","meta":{"footnotes":""},"categories":[1],"tags":[],"class_list":["post-24819","post","type-post","status-publish","format-standard","has-post-thumbnail","hentry","category-manolo-garcia"],"_links":{"self":[{"href":"https:\/\/www.manologarciaycia.com\/index.php?rest_route=\/wp\/v2\/posts\/24819","targetHints":{"allow":["GET"]}}],"collection":[{"href":"https:\/\/www.manologarciaycia.com\/index.php?rest_route=\/wp\/v2\/posts"}],"about":[{"href":"https:\/\/www.manologarciaycia.com\/index.php?rest_route=\/wp\/v2\/types\/post"}],"author":[{"embeddable":true,"href":"https:\/\/www.manologarciaycia.com\/index.php?rest_route=\/wp\/v2\/users\/2"}],"replies":[{"embeddable":true,"href":"https:\/\/www.manologarciaycia.com\/index.php?rest_route=%2Fwp%2Fv2%2Fcomments&post=24819"}],"version-history":[{"count":1,"href":"https:\/\/www.manologarciaycia.com\/index.php?rest_route=\/wp\/v2\/posts\/24819\/revisions"}],"predecessor-version":[{"id":24821,"href":"https:\/\/www.manologarciaycia.com\/index.php?rest_route=\/wp\/v2\/posts\/24819\/revisions\/24821"}],"wp:featuredmedia":[{"embeddable":true,"href":"https:\/\/www.manologarciaycia.com\/index.php?rest_route=\/wp\/v2\/media\/24820"}],"wp:attachment":[{"href":"https:\/\/www.manologarciaycia.com\/index.php?rest_route=%2Fwp%2Fv2%2Fmedia&parent=24819"}],"wp:term":[{"taxonomy":"category","embeddable":true,"href":"https:\/\/www.manologarciaycia.com\/index.php?rest_route=%2Fwp%2Fv2%2Fcategories&post=24819"},{"taxonomy":"post_tag","embeddable":true,"href":"https:\/\/www.manologarciaycia.com\/index.php?rest_route=%2Fwp%2Fv2%2Ftags&post=24819"}],"curies":[{"name":"wp","href":"https:\/\/api.w.org\/{rel}","templated":true}]}}