{"id":24812,"date":"2026-05-03T09:24:41","date_gmt":"2026-05-03T07:24:41","guid":{"rendered":"https:\/\/www.manologarciaycia.com\/?p=24812"},"modified":"2026-05-03T09:24:43","modified_gmt":"2026-05-03T07:24:43","slug":"enemigos-de-lo-ajeno-el-disco-alienigena-que-puso-en-orbita-a-el-ultimo-de-la-fila-cumple-40-anos","status":"publish","type":"post","link":"https:\/\/www.manologarciaycia.com\/?p=24812","title":{"rendered":"&#8216;Enemigos de lo ajeno&#8217;, el disco alien\u00edgena que puso en \u00f3rbita a El \u00daltimo de la Fila, cumple 40 a\u00f1os"},"content":{"rendered":"\n<p>Cuatro d\u00e9cadas despu\u00e9s, el segundo elep\u00e9 del d\u00fao es el que tiene m\u00e1s presencia en el repertorio de la gira de reuni\u00f3n de Manolo Garc\u00eda y Quimi Portet<br><br>En el cap\u00edtulo 24 de la tercera temporada de la legendaria serie &#8216;The Twilight Zone&#8217;, unos\u00a0<strong>alien\u00edgenas llamados kanamitas<\/strong>\u00a0llegan a la Tierra con el prop\u00f3sito de \u00abservir al hombre\u00bb (al final del episodio se desvela que ese &#8216;servir&#8217; no tiene un sentido altruista sino culinario). Uno de esos kanamitas es el fulano de cr\u00e1neo mostruoso que aparece, en blanco y negro, entre un autorretrato de\u00a0<strong>Manolo Garc\u00eda<\/strong>\u00a0y una foto de\u00a0<strong>Quimi Portet<\/strong>\u00a0en la portada de<strong>\u00a0&#8216;Enemigos de lo ajeno&#8217;<\/strong>,\u00a0<strong>el segundo elep\u00e9 de El \u00daltimo de la Fila<\/strong>. El mejor de los suyos (existe un consenso bastante amplio al respecto y ellos mismos parecen ser conscientes de ello; es el que tiene m\u00e1s presencia en el repertorio de\u00a0la gira de reencuentro que acaban de emprender). El disco se public\u00f3 en mayo de 1986,\u00a0<strong>hace ahora exactamente 40 a\u00f1os<\/strong>. Y, como suger\u00eda la aparici\u00f3n del kanamita, era ya entonces\u00a0<strong>un artefacto absolutamente extraterrestre<\/strong>\u00a0en el panorama de la m\u00fasica pop espa\u00f1ola. Hoy todav\u00eda lo sigue siendo.<\/p>\n\n\n\n<p>Grabado&nbsp;<strong>en solo una semana<\/strong>&nbsp;con un presupuesto de poco m\u00e1s de 200.000 pesetas (esto es, 1.200 euros), &#8216;Enemigos de lo ajeno&#8217; compensa la precariedad de la producci\u00f3n (que firman los propios Garc\u00eda y Portet, \u00abasesorados\u00bb por&nbsp;<strong>Rafael Moll<\/strong>) con&nbsp;<strong>un apabullante despliegue de ideas<\/strong>&nbsp;musicales y un talento l\u00edrico de categor\u00eda especial. El \u00daltimo de la Fila abrillanta aqu\u00ed la f\u00f3rmula sonora que ya hab\u00eda empezado a definir en &#8216;Cuando la pobreza entra por la puerta, el amor salta por la ventana&#8217; -ese glorioso encuentro de pachanga y &#8216;underground&#8217; en el que un Antonio Molina con chupa rockera y bigote daliniano se convierte en el &#8216;front man&#8217; de los Talking Heads mientras suena de fondo una radio argelina y sopla una brisa mediterr\u00e1nea- y firma&nbsp;<strong>su primer disco redondo<\/strong>&nbsp;en todos los sentidos.<\/p>\n\n\n\n<h3 class=\"wp-block-heading\">Echando cosas al puchero<\/h3>\n\n\n\n<p>\u00abSiento que es un disco hecho pisando a fondo -valor\u00f3 Quimi Portet algunos a\u00f1os despu\u00e9s-. No falta nada: est\u00e1 apretado. Es&nbsp;<strong>un disco interesante de una gente interesante con una sensibilidad excitada<\/strong>. No se qued\u00f3 nada en el tintero. Todo era positivo. Era tener un puchero e ir echando cosas hasta que no te quedaban m\u00e1s ingredientes\u00bb. En esa cocina, Portet y Garc\u00eda lo hicieron casi todo ellos dos solos (casi:&nbsp;<strong>\u00c1ngel Celada<\/strong>&nbsp;toca la bater\u00eda en cuatro canciones,&nbsp;<strong>Jos\u00e9 Luis P\u00e9rez<\/strong>&nbsp;pone una guitarra el\u00e9ctrica en una canci\u00f3n y&nbsp;<strong>Marc Grau<\/strong>, una guitarra espa\u00f1ola en otra). Y esa autosuficiencia, sumada a&nbsp;<strong>un respeto mutuo bastante ins\u00f3lito<\/strong>, les permiti\u00f3 dar rienda suelta a sus obsesiones y emprender todos los caminos que se les antojaron. Ning\u00fan grupo de esa \u00e9poca ten\u00eda un sonido parecido al suyo y ninguno se ha atrevido a replicarlo despu\u00e9s.<\/p>\n\n\n\n<figure class=\"wp-block-embed is-type-rich is-provider-gestor-del-servicio wp-block-embed-gestor-del-servicio wp-embed-aspect-16-9 wp-has-aspect-ratio\"><div class=\"wp-block-embed__wrapper\">\n<iframe loading=\"lazy\" title=\"El \u00daltimo de la Fila - Aviones plateados - Remaster 2008 (Audio Oficial)\" width=\"615\" height=\"346\" src=\"https:\/\/www.youtube.com\/embed\/0senT12f6Ss?feature=oembed\" frameborder=\"0\" allow=\"accelerometer; autoplay; clipboard-write; encrypted-media; gyroscope; picture-in-picture; web-share\" referrerpolicy=\"strict-origin-when-cross-origin\" allowfullscreen><\/iframe>\n<\/div><\/figure>\n\n\n\n<p>De esa exploraci\u00f3n sin l\u00edmites salieron 10 canciones sin fisuras:&nbsp;<strong>&#8216;Lejos de las leyes de los hombres&#8217;<\/strong>, arrebato amoroso con un teclado entre moruno y marciano;&nbsp;<strong>&#8216;Mi patria en mis zapatos&#8217;<\/strong>, himno anarcoide de guitarras &#8216;hard&#8217;;&nbsp;<strong>&#8216;Aviones plateados&#8217;<\/strong>, pura emoci\u00f3n vestida de post-punk y rumba;&nbsp;<strong>&#8216;Zorro veloz&#8217;<\/strong>, alegato ecologista con un revoltoso arreglo de arm\u00f3nica;&nbsp;<strong>&#8216;Las palabras son cansancio&#8217;<\/strong>, la insuficiencia del lenguaje en clave de rock;&nbsp;<strong>&#8216;Soy un accidente&#8217;<\/strong>, autocompasi\u00f3n po\u00e9tica con palmas de fondo;&nbsp;<strong>&#8216;Los \u00e1ngeles no tienen h\u00e9lices&#8217;<\/strong>, en el lado bueno de la frontera que separa lo sublime de lo cursi;&nbsp;<strong>&#8216;No me acostumbro&#8217;<\/strong>, evocaci\u00f3n de un amor de juventud entre la rabia y la nostalgia;&nbsp;<strong>&#8216;\u00bfPara qu\u00e9 sirve una hormiga?&#8217;<\/strong>, meditaci\u00f3n zen con melismas andalus\u00edes, y, por supuesto,&nbsp;<strong>&#8216;Insurrecci\u00f3n&#8217;<\/strong>, la canci\u00f3n definitiva del d\u00fao, escrita en el \u00faltimo momento a toda prisa en el lavabo del estudio y grabada y mezclada en menos de una hora.&nbsp;<strong>Dos minutos y 12 segundos de \u00e9xtasis pop<\/strong>.<\/p>\n\n\n\n<p>Noticias relacionadas<\/p>\n\n\n\n<p>&#8216;Enemigos de lo ajeno&#8217; fue elegido el mejor elep\u00e9 de 1986 por la revista &#8216;Rockdelux&#8217;, que tambi\u00e9n coron\u00f3 \u2018Insurrecci\u00f3n\u2019 como la mejor canci\u00f3n del a\u00f1o.\u00a0<strong>Del disco se vendieron 60.000 ejemplares<\/strong>, una cifra m\u00e1s que respetable para un sello discogr\u00e1fico independiente como PDI. Al a\u00f1o siguiente, Manolo Garc\u00eda y Quimi Portet viajaron a un estudio de Londres para remezclar en mejores condiciones algunas canciones de los dos primeros \u00e1lbumes de El \u00daltimo de la Fila. Esas nuevas versiones se publicaron en un elep\u00e9 titulado\u00a0<strong>&#8216;Nuevas mezclas&#8217;<\/strong>, que vendi\u00f3 la bonita suma de 300.000 copias. La nave alien\u00edgena hab\u00eda dado el salto al hiperespacio.<\/p>\n\n\n\n<p>Fuente: Rafael Tapounet &#8211; El Peri\u00f3dico de Catalunya &#8211; <a href=\"https:\/\/www.elperiodico.com\/es\/ocio-y-cultura\/20260502\/enemigos-de-lo-ajeno-el-ultimo-de-la-fila-40-anos-gira-129749864\">&#8216;Enemigos de lo ajeno&#8217;, el disco alien\u00edgena que puso en \u00f3rbita a El \u00daltimo de la Fila, cumple 40 a\u00f1os<\/a><\/p>\n","protected":false},"excerpt":{"rendered":"<p>Cuatro d\u00e9cadas despu\u00e9s, el segundo elep\u00e9 del d\u00fao es el que tiene m\u00e1s presencia en el repertorio de la gira de reuni\u00f3n de Manolo Garc\u00eda y Quimi Portet En el cap\u00edtulo 24 de la tercera temporada de la legendaria serie &#8216;The Twilight Zone&#8217;, unos\u00a0alien\u00edgenas llamados kanamitas\u00a0llegan a la Tierra con el prop\u00f3sito de \u00abservir al<a class=\"moretag\" href=\"https:\/\/www.manologarciaycia.com\/?p=24812\" title=\"&#8216;Enemigos de lo ajeno&#8217;, el disco alien\u00edgena que puso en \u00f3rbita a El \u00daltimo de la Fila, cumple 40 a\u00f1os\" target=\"_self\" rel=\"follow\"> <font face=arial size=2>[Leer m\u00e1s]<\/font> <\/a><\/p>\n","protected":false},"author":2,"featured_media":24814,"comment_status":"closed","ping_status":"closed","sticky":false,"template":"","format":"standard","meta":{"footnotes":""},"categories":[1],"tags":[],"class_list":["post-24812","post","type-post","status-publish","format-standard","has-post-thumbnail","hentry","category-manolo-garcia"],"_links":{"self":[{"href":"https:\/\/www.manologarciaycia.com\/index.php?rest_route=\/wp\/v2\/posts\/24812","targetHints":{"allow":["GET"]}}],"collection":[{"href":"https:\/\/www.manologarciaycia.com\/index.php?rest_route=\/wp\/v2\/posts"}],"about":[{"href":"https:\/\/www.manologarciaycia.com\/index.php?rest_route=\/wp\/v2\/types\/post"}],"author":[{"embeddable":true,"href":"https:\/\/www.manologarciaycia.com\/index.php?rest_route=\/wp\/v2\/users\/2"}],"replies":[{"embeddable":true,"href":"https:\/\/www.manologarciaycia.com\/index.php?rest_route=%2Fwp%2Fv2%2Fcomments&post=24812"}],"version-history":[{"count":1,"href":"https:\/\/www.manologarciaycia.com\/index.php?rest_route=\/wp\/v2\/posts\/24812\/revisions"}],"predecessor-version":[{"id":24815,"href":"https:\/\/www.manologarciaycia.com\/index.php?rest_route=\/wp\/v2\/posts\/24812\/revisions\/24815"}],"wp:featuredmedia":[{"embeddable":true,"href":"https:\/\/www.manologarciaycia.com\/index.php?rest_route=\/wp\/v2\/media\/24814"}],"wp:attachment":[{"href":"https:\/\/www.manologarciaycia.com\/index.php?rest_route=%2Fwp%2Fv2%2Fmedia&parent=24812"}],"wp:term":[{"taxonomy":"category","embeddable":true,"href":"https:\/\/www.manologarciaycia.com\/index.php?rest_route=%2Fwp%2Fv2%2Fcategories&post=24812"},{"taxonomy":"post_tag","embeddable":true,"href":"https:\/\/www.manologarciaycia.com\/index.php?rest_route=%2Fwp%2Fv2%2Ftags&post=24812"}],"curies":[{"name":"wp","href":"https:\/\/api.w.org\/{rel}","templated":true}]}}