{"id":2481,"date":"2011-12-27T19:33:44","date_gmt":"2011-12-27T18:33:44","guid":{"rendered":"http:\/\/www.manologarciaycia.com\/?p=2481"},"modified":"2011-12-27T19:33:44","modified_gmt":"2011-12-27T18:33:44","slug":"mg-hoy-en-el-disco-del-ano-2011","status":"publish","type":"post","link":"https:\/\/www.manologarciaycia.com\/?p=2481","title":{"rendered":"MG: Hoy en el Disco del A\u00f1o 2011"},"content":{"rendered":"<p>Hace unos d\u00edas os dej\u00e1bamos el v\u00eddeo del making of del Disco del A\u00f1o 2011 de RTVE. Pues esta noche es la gala.<\/p>\n<p>Los telespectadores deciden cu\u00e1l es &#8216;El disco del a\u00f1o 2011&#8217;:<\/p>\n<p>El vencedor, en una gala presentada por Anne Igartiburu y Alberto Herrera.\u00a0David Bisbal o Amaral actuar\u00e1n el martes 27 de diciembre por la noche en La 1.<\/p>\n<p>La m\u00fasica, una de las grandes estrellas de la Navidad en Televisi\u00f3n Espa\u00f1ola, ser\u00e1 la gran protagonista de la noche del martes 27 de diciembre en La 1. Los telespectadores tendr\u00e1n la oportunidad de decidir cu\u00e1l es\u00a0<em>El disco del a\u00f1o 2011<\/em>\u00a0de entre doce candidatos.<\/p>\n<p>Los artistas son\u00a0<strong>Sergio Dalma, Estopa, Amaral, Carlos Baute, Ni\u00f1a Pastori, Manolo Garc\u00eda, Camela, Pablo Albor\u00e1n, Juan Mag\u00e1n, Maldita Nerea, David Bustamante y La Oreja de Van Gogh<\/strong>.<\/p>\n<p>\n<strong>Anne Igartiburu y Alberto Herrera\u00a0<\/strong>presentar\u00e1n el programa, en el que cantar\u00e1n todos los finalistas y que incluir\u00e1 muchas otras actuaciones y sorpresas.<\/p>\n<p>El\u00a0<a href=\"http:\/\/www.rtve.es\/television\/disco-ano\/\"><em>Disco del a\u00f1o<\/em><\/a>\u00a0llega a su s\u00e9ptima edici\u00f3n con el mismo objetivo, que los espectadores elijan cu\u00e1l es su trabajo discogr\u00e1fico preferido del a\u00f1o que est\u00e1 a punto de terminar.<\/p>\n<p>Los doce candidatos defender\u00e1n sus \u00faltimos trabajos discogr\u00e1ficos en un programa en el que habr\u00e1 otras muchas actuaciones como las de David Bisbal, Diana Navarro, Laura Pausini y los miembros del musical\u00a0<em>M\u00e1s de 100 mentiras<\/em>.<\/p>\n<p>Adem\u00e1s,\u00a0<em>El Disco del a\u00f1o 2011<\/em>\u00a0rendir\u00e1\u00a0<strong>un c\u00e1lido homenaje al D\u00fao Din\u00e1mico<\/strong>, en plena celebraci\u00f3n de sus 50 a\u00f1os en el mundo de la m\u00fasica, con la presencia de Manuel de la Calva y Ram\u00f3n Arcusa junto a Diana Navarro y Carlos Baute.<\/p>\n<p>Tambi\u00e9n habr\u00e1 un reconocimiento a una trayectoria art\u00edstica, este a\u00f1o al grupo Fangoria, en el que no faltar\u00e1n\u00a0<strong>Alaska, Sergio Dalma, Mario Vaquerizo, Las Nancys Rubias y Bimba Bos\u00e9<\/strong>.<\/p>\n<p>Adem\u00e1s, actuar\u00e1 en el plat\u00f3 el grupo\u00a0<a href=\"http:\/\/www.rtve.es\/television\/20111108\/disco-del-ano-2011-auryn\/474098.shtml\">Auryn<\/a>, elegido por los internautas de RTVE.es como el mejor artista novel.<\/p>\n<h2>Los famosos tambi\u00e9n eligen<\/h2>\n<p>Aunque son los espectadores los que elegir\u00e1n\u00a0<em>El Disco del a\u00f1o<\/em>, las caras m\u00e1s conocidas de TVE tambi\u00e9n se\u00a0<em>mojar\u00e1n\u00a0<\/em>y se atrever\u00e1n a entonar su canci\u00f3n favorita del a\u00f1o:\u00a0<strong>Maril\u00f3 Montero, Pilar Garc\u00eda Mu\u00f1iz, Izaskun Ruiz, Albert Barniol, M\u00f3nica L\u00f3pez, Lluvia Rojo<\/strong>\u2026<\/p>\n<p>Adem\u00e1s, el programa incluir\u00e1 reportajes de la mano de Jes\u00fas Guerrero, que estar\u00e1 junto a Anne y Alberto, y dar\u00e1 paso a testimonios en la calle apoyando a los diferentes candidatos de la noche.<\/p>\n<h2>El disco del a\u00f1o en rtve.es<\/h2>\n<p><em>El Disco del a\u00f1o 2011<\/em>\u00a0ha sido la edici\u00f3n en la que m\u00e1s internautas han participado en www.rtve.es\/eldiscodela\u00f1o2011 para elegir al mejor grupo novel, en este caso Auryn, con\u00a0<strong>m\u00e1s de 50.000 usuarios<\/strong>, y la encuesta para conocer estos resultados ha contado con m\u00e1s de 200.000.<\/p>\n<p>Adem\u00e1s, el programa tambi\u00e9n cuenta con un facebook oficial,<a href=\"http:\/\/www.facebook.com\/eldiscotve\" target=\"_blank\">www.facebook.com\/eldiscotve<\/a>, en el que tambi\u00e9n se han sorteado entradas para conciertos, discos y\u00a0<em>merchandising\u00a0<\/em>de los artistas que participan en la gala.<\/p>\n<p>Fuente: RTVE &#8211; <a href=\"http:\/\/www.rtve.es\/television\/20111223\/telespectadores-deciden-cual-disco-del-ano-2011\/484461.shtml\" target=\"_blank\">Enlace<\/a><\/p>\n","protected":false},"excerpt":{"rendered":"<p>Hace unos d\u00edas os dej\u00e1bamos el v\u00eddeo del making of del Disco del A\u00f1o 2011 de RTVE. Pues esta noche es la gala. Los telespectadores deciden cu\u00e1l es &#8216;El disco del a\u00f1o 2011&#8217;: El vencedor, en una gala presentada por Anne Igartiburu y Alberto Herrera.\u00a0David Bisbal o Amaral actuar\u00e1n el martes 27 de diciembre por<a class=\"moretag\" href=\"https:\/\/www.manologarciaycia.com\/?p=2481\" title=\"MG: Hoy en el Disco del A\u00f1o 2011\" target=\"_self\" rel=\"follow\"> <font face=arial size=2>[Leer m\u00e1s]<\/font> <\/a><\/p>\n","protected":false},"author":2,"featured_media":0,"comment_status":"closed","ping_status":"closed","sticky":false,"template":"","format":"standard","meta":{"footnotes":""},"categories":[1],"tags":[],"class_list":["post-2481","post","type-post","status-publish","format-standard","hentry","category-manolo-garcia"],"_links":{"self":[{"href":"https:\/\/www.manologarciaycia.com\/index.php?rest_route=\/wp\/v2\/posts\/2481","targetHints":{"allow":["GET"]}}],"collection":[{"href":"https:\/\/www.manologarciaycia.com\/index.php?rest_route=\/wp\/v2\/posts"}],"about":[{"href":"https:\/\/www.manologarciaycia.com\/index.php?rest_route=\/wp\/v2\/types\/post"}],"author":[{"embeddable":true,"href":"https:\/\/www.manologarciaycia.com\/index.php?rest_route=\/wp\/v2\/users\/2"}],"replies":[{"embeddable":true,"href":"https:\/\/www.manologarciaycia.com\/index.php?rest_route=%2Fwp%2Fv2%2Fcomments&post=2481"}],"version-history":[{"count":1,"href":"https:\/\/www.manologarciaycia.com\/index.php?rest_route=\/wp\/v2\/posts\/2481\/revisions"}],"predecessor-version":[{"id":2482,"href":"https:\/\/www.manologarciaycia.com\/index.php?rest_route=\/wp\/v2\/posts\/2481\/revisions\/2482"}],"wp:attachment":[{"href":"https:\/\/www.manologarciaycia.com\/index.php?rest_route=%2Fwp%2Fv2%2Fmedia&parent=2481"}],"wp:term":[{"taxonomy":"category","embeddable":true,"href":"https:\/\/www.manologarciaycia.com\/index.php?rest_route=%2Fwp%2Fv2%2Fcategories&post=2481"},{"taxonomy":"post_tag","embeddable":true,"href":"https:\/\/www.manologarciaycia.com\/index.php?rest_route=%2Fwp%2Fv2%2Ftags&post=2481"}],"curies":[{"name":"wp","href":"https:\/\/api.w.org\/{rel}","templated":true}]}}