{"id":24809,"date":"2026-05-02T09:06:53","date_gmt":"2026-05-02T07:06:53","guid":{"rendered":"https:\/\/www.manologarciaycia.com\/?p=24809"},"modified":"2026-05-02T09:06:55","modified_gmt":"2026-05-02T07:06:55","slug":"manolo-garcia-y-quimi-portet-la-quimica-atomica-de-rocknroll-poesia-y-desvario-de-la-que-nacio-el-ultimo-de-la-fila","status":"publish","type":"post","link":"https:\/\/www.manologarciaycia.com\/?p=24809","title":{"rendered":"Manolo Garc\u00eda y Quimi Portet: la qu\u00edmica at\u00f3mica de rock\u2019n\u2019roll, poes\u00eda y desvar\u00edo de la que naci\u00f3 El \u00daltimo de la Fila"},"content":{"rendered":"\n<p>Aunque de lejos encarnen personajes muy distintos, el cantante y el guitarrista, que ofrecen este domingo el primero de sendos conciertos de su gira de reuni\u00f3n en el Estadi Ol\u00edmpic, armaron un artefacto m\u00e1s grande que ellos porque conectaron intuitivamente a trav\u00e9s de la pasi\u00f3n musical, el humor, el surrealismo, la simpat\u00eda libertaria, la desconfianza hacia los planes ideados por otros y el af\u00e1n de hacer algo \u00fanico y de ser due\u00f1os de su destino.<\/p>\n\n\n\n<p>Hace tres d\u00e9cadas que funcionan cada uno por su cuenta, en solitario, y se han hecho visibles sensibilidades y roles que antes quedaban compactados en la din\u00e1mica de grupo. Tenemos a&nbsp;<strong>Manolo Garc\u00eda, el hijo del aluvi\u00f3n migratorio crecido en el Somorrostro<\/strong>, voz imbuida de cante flamenco, poeta cautivado por horizontes on\u00edricos, y a&nbsp;<strong>Quimi Portet, el \u2018astre intercomarcal\u2019,<\/strong>&nbsp;guitarrista intempestivo y fan de lo tribal, portador de una iron\u00eda antiheroica alimentada en la Plana de Vic. El primero, estrella pop en toda Espa\u00f1a; el segundo, catalano-cantante por vocaci\u00f3n, casi un desconocido tierra adentro.<\/p>\n\n\n\n<p><strong>Pero la reuni\u00f3n de El \u00daltimo de la Fila, hist\u00f3rica y dif\u00edcil de prever hace solo cuatro d\u00edas, nos lleva de vuelta al origen de todo<\/strong>. Al encuentro entre Manolo Garc\u00eda y Quimi Portet, del que sali\u00f3, en 1985, algo m\u00e1s grande que la suma de ambas partes. Un artefacto at\u00f3mico hecho de la&nbsp;<strong>confluencia de esas diferencias y de las much\u00edsimas afinidades: musicales, ideol\u00f3gicas, an\u00edmicas.&nbsp;<\/strong>Una combinaci\u00f3n de las que se da una entre un mill\u00f3n y que produjo unas cuantas docenas de canciones, en seis \u00e1lbumes de estudio, de las que este domingo y el pr\u00f3ximo jueves sonar\u00e1 una selecci\u00f3n en sendos conciertos en el Estadi Ol\u00edmpic.<\/p>\n\n\n\n<h3 class=\"wp-block-heading\">Revelaci\u00f3n en Els Hostalets<\/h3>\n\n\n\n<p>En los albores del v\u00ednculo Manolo-Quimi asoma una escena de revelaci\u00f3n evocada por su amigo Toni Coromina en el libro \u2018El que la sigue la persigue\u2019 (\u201cbiograf\u00eda tolerada\u201d de 1995), cuando coincidieron por primera vez en un festival en Els Hostalets de Baleny\u00e0, en 1981, organizado por los quintos del pueblo. Ah\u00ed estaban Los R\u00e1pidos (con Manolo Garc\u00eda) y Kul de Mandril (el grupo de Portet), as\u00ed como Evo (con una jovenc\u00edsima Carmen, hermana de Manolo, como vocalista).&nbsp;<strong>A Manolo Garc\u00eda y al bajista Antonio Fidel les impresion\u00f3 el toque salvaje que Portet imprim\u00eda a su ajada guitarra el\u00e9ctrica.&nbsp;<\/strong>Hablaron, se dieron los tel\u00e9fonos, quedaron para verse en el Z\u00farich.<\/p>\n\n\n\n<figure class=\"wp-block-image\"><img decoding=\"async\" src=\"https:\/\/estaticos-cdn.prensaiberica.es\/clip\/5dd49401-2e15-4e44-ae1c-de2a67c1f350_alta-libre-aspect-ratio_default_0_x1000y399.jpg\" alt=\"Manolo Garc\u00eda y Quimi Portet, durante la presentaci\u00f3n de  la gira del regreso de El \u00daltimo de la Fila en mayo de 2025 en Madrid.\"\/><figcaption class=\"wp-element-caption\">Manolo Garc\u00eda y Quimi Portet, durante la presentaci\u00f3n de la gira del regreso de El \u00daltimo de la Fila en mayo de 2025 en Madrid.&nbsp;<strong>\/ Jos\u00e9 Luis Roca<\/strong><\/figcaption><\/figure>\n\n\n\n<p>Al poco tiempo,&nbsp;<strong>Portet dejaba Vic y se plantaba en Barcelona con una maleta y la guitarra, a instalarse en el Guinard\u00f3.<\/strong>&nbsp;\u201cParec\u00eda un inmigrante yugoslavo\u201d, dir\u00eda el cantante. El ingreso en Los R\u00e1pidos fue inmediato, si bien al grupo le quedaban un par de telediarios. El t\u00e1ndem Garc\u00eda-Portet comenz\u00f3 a solidificarse en la siguiente aventura, Los Burros (1983-84), y despeg\u00f3 con El \u00daltimo de la Fila.<\/p>\n\n\n\n<p>Esos nombres disparatados suger\u00edan un<strong>&nbsp;fatalismo sarc\u00e1stico<\/strong>, fruto de la resignada sucesi\u00f3n de fracasos anotados por ambos. Manolo, antes de ponerse ante el \u2018micro\u2019, en su primera juventud (a\u00f1os 70) hab\u00eda sido bater\u00eda de grupos como Materia Gris y Salma y su Conjunto, adscritos al&nbsp;<strong>circuito BBC (bautizos, bodas y comuniones).<\/strong>&nbsp;Entrenamiento pachanguero casi ineludible en aquel tiempo, que tambi\u00e9n vivi\u00f3 Quimi con Kilimanjaro\u2019s. Pero ambos alimentaban sus inquietudes: Manolo hab\u00eda asistido a bolos reveladores en el Gran Price (Lone Star, Smash) y&nbsp;<strong>hab\u00eda descubierto el \u2018underground\u2019 de Zeleste<\/strong>. Kilimanjaro\u2019s tocaron en las&nbsp;<strong>Jornades Llibert\u00e0ries del Park G\u00fcell, en 1977<\/strong>, mientras Manolo Garc\u00eda se sent\u00eda atra\u00eddo por el perfume \u00e1crata del Poble Nou industrial, que emanaba del Ateneu Popular La Flor de Maig.<\/p>\n\n\n\n<h3 class=\"wp-block-heading\">Copla y King Crimson<\/h3>\n\n\n\n<p>El cantante ven\u00eda de recoger el flamenco y la copla de su ambiente familiar y de barrio y juntarlo con la disrupci\u00f3n rockera de Led Zeppelin y King Crimson. Es natural que le atrajeran Smash, y luego Triana, en un camino que le llev\u00f3 a adoptar cierta&nbsp;<strong>melisma en el canto, distintivo del pop con ra\u00edces establecido en El \u00daltimo.<\/strong>&nbsp;A Portet le chiflaba la m\u00fasica contagiada de<strong>&nbsp;primitivismo:&nbsp;<\/strong>el soul m\u00e1s f\u00edsico, el grupo nativo americano Redbone, la percusi\u00f3n hipn\u00f3tica y \u2018afro\u2019 de la tropa vanguardista alemana Can.<\/p>\n\n\n\n<figure class=\"wp-block-image\"><img decoding=\"async\" src=\"https:\/\/estaticos-cdn.prensaiberica.es\/clip\/01a73f40-3fb8-4e51-a15c-0f791977b4d3_alta-libre-aspect-ratio_default_0_x800y355.jpg\" alt=\"El regreso de El \u00daltimo de la Fila, en Fuengirola el pasado 25 de abril.\"\/><figcaption class=\"wp-element-caption\">El regreso de El \u00daltimo de la Fila, en Fuengirola el pasado 25 de abril.&nbsp;<strong>\/ Marenostrum Fuengirola<\/strong><\/figcaption><\/figure>\n\n\n\n<p>Ese es un territorio en el que ambos se encontraron, conjugando el impulso el\u00e9ctrico del rock\u2019n\u2019roll con el eco \u2018jondo\u2019, y enredando todo ello con la propensi\u00f3n al desvar\u00edo l\u00edrico. Como apunta Albert Balanz\u00e0, periodista, tal vez el mayor conocedor mundial de El \u00daltimo de la Fila,&nbsp;<strong>\u201chay un hilo de conexi\u00f3n entre ambos a trav\u00e9s del surrealismo: entre el \u2018Jam\u00f3n de mono\u2019 que Quimi cantaba con Kul de Mandril y el Manolo que se pon\u00eda embudos en la cabeza y romp\u00eda televisores con Los R\u00e1pidos\u201d.&nbsp;<\/strong>El humor como salsa aglutinadora, ideas que \u201cles hac\u00edan partirse de risa y pasarlo bien\u201d. Y las ganas de distinguirse del resto de bandas, \u201cde hacer algo diferente\u201d.<\/p>\n\n\n\n<h3 class=\"wp-block-heading\">Palabras de ayer<\/h3>\n\n\n\n<p>Surrealismo, s\u00ed, que cada uno ha incorporado a su manera: el guitarrista, en una clave ir\u00f3nica, apuntando a las grandezas y miserias de la identidad catalana, y el cantante, tendiendo a la magia de lo inalcanzable y lo so\u00f1ado. Ambos han cuidado mucho del lenguaje po\u00e9tico y han mostrado una inclinaci\u00f3n por el pasado y por recuperar palabras en desuso, cada uno en su lengua. Portet ha apelado al&nbsp;<strong>trazo ir\u00f3nico o sarc\u00e1stico de Pitarra, Pujols o Rusi\u00f1ol.&nbsp;<\/strong>A Garc\u00eda le marcaron&nbsp;<strong>textos m\u00e1s duros como los de Baroja y P\u00e9rez Gald\u00f3s.<\/strong><\/p>\n\n\n\n<figure class=\"wp-block-image\"><img decoding=\"async\" src=\"https:\/\/estaticos-cdn.prensaiberica.es\/clip\/667474d1-9227-4d4e-8692-47e4908ca829_alta-libre-aspect-ratio_default_0_x1000y441.jpg\" alt=\"Manolo Garc\u00eda, durante un concierto de Los R\u00e1pidos en Barcelona en septiembre de 1981.\"\/><figcaption class=\"wp-element-caption\">Manolo Garc\u00eda, durante un concierto de Los R\u00e1pidos en Barcelona en septiembre de 1981.&nbsp;<strong>\/ FERRAN SENDRA<\/strong><\/figcaption><\/figure>\n\n\n\n<p>Les une una actitud de&nbsp;<strong>escepticismo ante la idea de progreso y desarrollo econ\u00f3mico<\/strong>, la estresada vida moderna, el culto al bien material. Va a juego con la defensa del medio ambiente, ya practicada de un modo temprano por El \u00daltimo (aquella gira de 1990 a favor de 18 ONG ecologistas), y un humanismo tierno, compasivo, porque para Portet hay que tomarse las cosas con deportividad y, para Garc\u00eda,&nbsp;<strong>no somos m\u00e1s que \u201cmonos que hacemos lo que podemos\u201d<\/strong>. Pulsi\u00f3n pol\u00edtica, manifestada solo entre l\u00edneas en las canciones, con prevenci\u00f3n. Quimi insiste en que se hizo m\u00fasico para evadirse de la sociedad, como Sisa. Manolo tiende a lo et\u00e9reo en sus textos, si bien en los \u00faltimos tiempos ha alzado el tono en su narrativa \u2018civil\u2019: llamamientos a la abstenci\u00f3n, parlamentos a favor del uruguayo Mugica, Palestina, payeses y aut\u00f3nomos.<\/p>\n\n\n\n<h3 class=\"wp-block-heading\">Fuera de Barcelona-92<\/h3>\n\n\n\n<p>Coincidieron ambos en atar en corto sus v\u00ednculos con la industria musical, eso cuando El \u00daltimo ya pudo permit\u00edrselo. Aquel paso, en 1990, de dejar atr\u00e1s el sello PDI para fichar por EMI solo como distribuidora, al tiempo que<strong>&nbsp;creaban una discogr\u00e1fica propia, Perro Records<\/strong>. Oficina peque\u00f1a, manejada por personas de confianza. Pocos a\u00f1os despu\u00e9s, cuando el grupo ya estaba en lo alto, se le ofreci\u00f3 la perspectiva de una&nbsp;<strong>apuesta fuerte por Latinoam\u00e9rica, incluyendo una larga gira, y ellos se desmarcaron,<\/strong>&nbsp;recelosos de perder el control de sus vidas.<\/p>\n\n\n\n<figure class=\"wp-block-image\"><img decoding=\"async\" src=\"https:\/\/estaticos-cdn.prensaiberica.es\/clip\/c9215352-d885-4658-9d19-a8469fa880a3_alta-libre-aspect-ratio_default_0_x1000y430.jpg\" alt=\"Manolo Garc\u00eda y Quimi Portet, en un concierto de Los Burros y Los R\u00e1pidos en febrero de 2016 en Barcelona.\"\/><figcaption class=\"wp-element-caption\">Manolo Garc\u00eda y Quimi Portet, en un concierto de Los Burros y Los R\u00e1pidos en febrero de 2016 en Barcelona.&nbsp;<strong>\/ FERRAN_SENDRA<\/strong><\/figcaption><\/figure>\n\n\n\n<p>Pero hablamos de un grupo que, en 1992,<strong>&nbsp;declin\u00f3 participar en la ceremonia inaugural de los Juegos Ol\u00edmpicos de Barcelona.&nbsp;<\/strong>Aquel a\u00f1o, ellos estaban de par\u00f3n, preparando \u2018Astronom\u00eda razonable\u2019 (1993), y la \u00fanica actuaci\u00f3n que ofrecieron fue en el&nbsp;<strong>concierto de protesta contra la \u2018Operaci\u00f3n Garz\u00f3n\u2019&nbsp;<\/strong>(detenci\u00f3n de 45 independentistas por presunta pertenencia a Terra Lliure), junto a artistas como Llu\u00eds Llach, Els Pets y Sopa de Cabra. Fue el 29 de julio, en plena celebraci\u00f3n de los Juegos. En los a\u00f1os del \u2018proc\u00e9s\u2019, Portet dijo haberse ilusionado para proceder despu\u00e9s a la decepci\u00f3n. Garc\u00eda public\u00f3 una carta, en v\u00edsperas del 1-O, en la que pidi\u00f3 \u201cdi\u00e1logo\u201d y pregunt\u00f3 \u201cpor qu\u00e9 no se puede escuchar la opini\u00f3n del pueblo catal\u00e1n\u201d.<\/p>\n\n\n\n<p>Las coincidencias entre Portet, el catal\u00e1n \u201cde soca-rel\u201d, el \u2018punkie\u2019 pero fino guitarrista, y Garc\u00eda, el hijo de la inmigraci\u00f3n, poeta con \u2018duende\u2019 y encantador de auditorios, son muchas, seguro que m\u00e1s que las distancias, tambi\u00e9n en el modo de&nbsp;<strong>gestionar su popularidad y negarse a ejercer de \u2018celebrities\u2019, con su vida privada cerrada a cal y canto<\/strong>&nbsp;(aunque en esta gira se les ha colado una joven guitarrista, de nombre&nbsp;<strong>Sara Garc\u00eda,<\/strong>&nbsp;que delata una paternidad hasta hoy mantenida con absoluta discreci\u00f3n). Como se\u00f1ala Albert Balanz\u00e0, un punto de coincidencia definitivo es su voluntad de \u201cser amos de s\u00ed mismos\u201d, due\u00f1os de su destino, sin permitir que otros decidan por ellos. Siempre en la medida de lo posible.<\/p>\n","protected":false},"excerpt":{"rendered":"<p>Aunque de lejos encarnen personajes muy distintos, el cantante y el guitarrista, que ofrecen este domingo el primero de sendos conciertos de su gira de reuni\u00f3n en el Estadi Ol\u00edmpic, armaron un artefacto m\u00e1s grande que ellos porque conectaron intuitivamente a trav\u00e9s de la pasi\u00f3n musical, el humor, el surrealismo, la simpat\u00eda libertaria, la desconfianza<a class=\"moretag\" href=\"https:\/\/www.manologarciaycia.com\/?p=24809\" title=\"Manolo Garc\u00eda y Quimi Portet: la qu\u00edmica at\u00f3mica de rock\u2019n\u2019roll, poes\u00eda y desvar\u00edo de la que naci\u00f3 El \u00daltimo de la Fila\" target=\"_self\" rel=\"follow\"> <font face=arial size=2>[Leer m\u00e1s]<\/font> <\/a><\/p>\n","protected":false},"author":2,"featured_media":24810,"comment_status":"closed","ping_status":"closed","sticky":false,"template":"","format":"standard","meta":{"footnotes":""},"categories":[1],"tags":[],"class_list":["post-24809","post","type-post","status-publish","format-standard","has-post-thumbnail","hentry","category-manolo-garcia"],"_links":{"self":[{"href":"https:\/\/www.manologarciaycia.com\/index.php?rest_route=\/wp\/v2\/posts\/24809","targetHints":{"allow":["GET"]}}],"collection":[{"href":"https:\/\/www.manologarciaycia.com\/index.php?rest_route=\/wp\/v2\/posts"}],"about":[{"href":"https:\/\/www.manologarciaycia.com\/index.php?rest_route=\/wp\/v2\/types\/post"}],"author":[{"embeddable":true,"href":"https:\/\/www.manologarciaycia.com\/index.php?rest_route=\/wp\/v2\/users\/2"}],"replies":[{"embeddable":true,"href":"https:\/\/www.manologarciaycia.com\/index.php?rest_route=%2Fwp%2Fv2%2Fcomments&post=24809"}],"version-history":[{"count":1,"href":"https:\/\/www.manologarciaycia.com\/index.php?rest_route=\/wp\/v2\/posts\/24809\/revisions"}],"predecessor-version":[{"id":24811,"href":"https:\/\/www.manologarciaycia.com\/index.php?rest_route=\/wp\/v2\/posts\/24809\/revisions\/24811"}],"wp:featuredmedia":[{"embeddable":true,"href":"https:\/\/www.manologarciaycia.com\/index.php?rest_route=\/wp\/v2\/media\/24810"}],"wp:attachment":[{"href":"https:\/\/www.manologarciaycia.com\/index.php?rest_route=%2Fwp%2Fv2%2Fmedia&parent=24809"}],"wp:term":[{"taxonomy":"category","embeddable":true,"href":"https:\/\/www.manologarciaycia.com\/index.php?rest_route=%2Fwp%2Fv2%2Fcategories&post=24809"},{"taxonomy":"post_tag","embeddable":true,"href":"https:\/\/www.manologarciaycia.com\/index.php?rest_route=%2Fwp%2Fv2%2Ftags&post=24809"}],"curies":[{"name":"wp","href":"https:\/\/api.w.org\/{rel}","templated":true}]}}