{"id":24805,"date":"2026-04-29T14:28:45","date_gmt":"2026-04-29T12:28:45","guid":{"rendered":"https:\/\/www.manologarciaycia.com\/?p=24805"},"modified":"2026-04-29T14:28:47","modified_gmt":"2026-04-29T12:28:47","slug":"una-noche-unica-en-marenostrum","status":"publish","type":"post","link":"https:\/\/www.manologarciaycia.com\/?p=24805","title":{"rendered":"Una noche \u00fanica en Marenostrum"},"content":{"rendered":"\n<h2 class=\"wp-block-heading\">El \u00daltimo de la Fila inici\u00f3 en Fuengirola su esperada gira de resurrecci\u00f3n que llega 30 a\u00f1os despu\u00e9s de su \u00faltimo concierto juntos, ante m\u00e1s de 18.500 personas que fueron testigos de un evento inolvidable<\/h2>\n\n\n\n<p>Marenostrum Fuengirola vivi\u00f3 este pasado s\u00e1bado una de esas noches \u00fanicas, que no pertenecen al calendario, sino a la memoria con el reencuentro en los escenarios de El \u00daltimo de la Fila. El inicio de una historia que llevaba treinta a\u00f1os esperando volver a escribirse.<\/p>\n\n\n\n<p>Marenostrum Fuengirola no es una parada m\u00e1s: ha sido el kil\u00f3metro cero de una gira hist\u00f3rica que devuelve a la vida a una de las bandas m\u00e1s influyentes del pop rock espa\u00f1ol de todos los tiempos. Desde horas antes del concierto, el recinto respiraba algo distinto. No era solo expectaci\u00f3n \u2014que la hab\u00eda, y mucha\u2014, era la certeza compartida de estar a punto de asistir a un momento irrepetible. De hecho, m\u00e1s de 18.500 personas agotaron las entradas en tiempo r\u00e9cord hace casi un a\u00f1o (apenas cuatro horas bastaron para acabar con todas las localidades tras ponerse a la venta), confirmando as\u00ed que el regreso de El \u00daltimo de la Fila no era solo una noticia: era un acontecimiento generacional que trascend\u00eda el propio \u00e1mbito musical.<\/p>\n\n\n\n<p>A las 22.00 horas comenz\u00f3 el viaje. Y bastaron los primeros acordes para que el tiempo dejara de importar. Canciones que marcaron toda una \u00e9poca como \u2018Insurrecci\u00f3n\u2019, \u2018Aviones plateados\u2019 o \u2018Como un burro amarrado en la puerta del baile\u2019 no sonaron como recuerdos, sino como presente vivo, coreadas al un\u00edsono por varias generaciones que encontraron en ese escenario un punto de encuentro emocional.<\/p>\n\n\n\n<p>El concierto avanz\u00f3 entre momentos de intensidad y pausa, de electricidad y poes\u00eda, fiel al esp\u00edritu de una banda, la que lideran Manolo Garc\u00eda y Quimi Portet, que siempre ha sabido transitar entre lo \u00edntimo y lo universal. La conexi\u00f3n con el p\u00fablico fue inmediata, casi f\u00edsica. No hubo distancia entre escenario y grada: hubo comuni\u00f3n. Los propios artistas dejaban claro su asombro ante la energ\u00eda recibida sobre las tablas: \u201cEs un honor estar aqu\u00ed, desde el 95 que no est\u00e1bamos en esta configuraci\u00f3n. Hacer esta peque\u00f1a gira de 11 conciertos tiene ventajas como son compartir escenario con esta gente fant\u00e1stica y, sobre todo, el factor m\u00e1s importante que sois ustedes\u201d.<\/p>\n\n\n\n<p>Y, para terminar, \u201cInsurrecci\u00f3n\u201d, que no pod\u00eda faltar en el repertorio, uno de los temas m\u00e1s solicitados a voz en grito por el respetable durante toda la noche. El \u00e9xtasis de interpretar y escuchar un tema m\u00edtico, que llegaba tras la euforia de un concierto de altura y sin fisuras, el cierre perfecto a una noche que todos los asistentes pudieron grabar en su retina.<\/p>\n\n\n<div class=\"wp-block-image\">\n<figure class=\"aligncenter\"><img decoding=\"async\" src=\"https:\/\/www.elnoticierodigital.com\/wp-content\/uploads\/2026\/04\/elultimodelafila_03-400x267.jpg\" alt=\"El \u00daltimo de la Fila inicia gira en Marenostrum Fuengirola\" class=\"wp-image-78641\"\/><\/figure>\n<\/div>\n\n\n<p>Pero si algo define el concierto de este pasado s\u00e1bado es su significado, su simbolog\u00eda. No es solo el regreso de una banda; es la vuelta de una forma de entender la m\u00fasica. Porque tras su separaci\u00f3n en 1998, y despu\u00e9s de casi tres d\u00e9cadas de trayectorias individuales, Garc\u00eda, Portet y la banda al completo, han elegido volver sin nostalgia, con la serenidad de quien sabe que su legado nunca dej\u00f3 (ni dejar\u00e1) de latir.<\/p>\n\n\n\n<p>Fuente: El Noticiero Digital &#8211; <a href=\"https:\/\/www.elnoticierodigital.com\/una-noche-unica-en-marenostrum\/\">Una noche \u00fanica en Marenostrum<\/a><\/p>\n","protected":false},"excerpt":{"rendered":"<p>El \u00daltimo de la Fila inici\u00f3 en Fuengirola su esperada gira de resurrecci\u00f3n que llega 30 a\u00f1os despu\u00e9s de su \u00faltimo concierto juntos, ante m\u00e1s de 18.500 personas que fueron testigos de un evento inolvidable Marenostrum Fuengirola vivi\u00f3 este pasado s\u00e1bado una de esas noches \u00fanicas, que no pertenecen al calendario, sino a la memoria<a class=\"moretag\" href=\"https:\/\/www.manologarciaycia.com\/?p=24805\" title=\"Una noche \u00fanica en Marenostrum\" target=\"_self\" rel=\"follow\"> <font face=arial size=2>[Leer m\u00e1s]<\/font> <\/a><\/p>\n","protected":false},"author":2,"featured_media":24806,"comment_status":"closed","ping_status":"closed","sticky":false,"template":"","format":"standard","meta":{"footnotes":""},"categories":[1],"tags":[],"class_list":["post-24805","post","type-post","status-publish","format-standard","has-post-thumbnail","hentry","category-manolo-garcia"],"_links":{"self":[{"href":"https:\/\/www.manologarciaycia.com\/index.php?rest_route=\/wp\/v2\/posts\/24805","targetHints":{"allow":["GET"]}}],"collection":[{"href":"https:\/\/www.manologarciaycia.com\/index.php?rest_route=\/wp\/v2\/posts"}],"about":[{"href":"https:\/\/www.manologarciaycia.com\/index.php?rest_route=\/wp\/v2\/types\/post"}],"author":[{"embeddable":true,"href":"https:\/\/www.manologarciaycia.com\/index.php?rest_route=\/wp\/v2\/users\/2"}],"replies":[{"embeddable":true,"href":"https:\/\/www.manologarciaycia.com\/index.php?rest_route=%2Fwp%2Fv2%2Fcomments&post=24805"}],"version-history":[{"count":1,"href":"https:\/\/www.manologarciaycia.com\/index.php?rest_route=\/wp\/v2\/posts\/24805\/revisions"}],"predecessor-version":[{"id":24807,"href":"https:\/\/www.manologarciaycia.com\/index.php?rest_route=\/wp\/v2\/posts\/24805\/revisions\/24807"}],"wp:featuredmedia":[{"embeddable":true,"href":"https:\/\/www.manologarciaycia.com\/index.php?rest_route=\/wp\/v2\/media\/24806"}],"wp:attachment":[{"href":"https:\/\/www.manologarciaycia.com\/index.php?rest_route=%2Fwp%2Fv2%2Fmedia&parent=24805"}],"wp:term":[{"taxonomy":"category","embeddable":true,"href":"https:\/\/www.manologarciaycia.com\/index.php?rest_route=%2Fwp%2Fv2%2Fcategories&post=24805"},{"taxonomy":"post_tag","embeddable":true,"href":"https:\/\/www.manologarciaycia.com\/index.php?rest_route=%2Fwp%2Fv2%2Ftags&post=24805"}],"curies":[{"name":"wp","href":"https:\/\/api.w.org\/{rel}","templated":true}]}}