{"id":24802,"date":"2026-04-29T14:25:22","date_gmt":"2026-04-29T12:25:22","guid":{"rendered":"https:\/\/www.manologarciaycia.com\/?p=24802"},"modified":"2026-04-29T14:25:25","modified_gmt":"2026-04-29T12:25:25","slug":"el-ultimo-de-la-fila-vuelve-en-plena-forma-a-los-escenarios","status":"publish","type":"post","link":"https:\/\/www.manologarciaycia.com\/?p=24802","title":{"rendered":"El \u00daltimo de la Fila vuelve en plena forma a los escenarios"},"content":{"rendered":"\n<p>El ic\u00f3nico d\u00fao eligi\u00f3 este ciclo de conciertos con vistas al mar para iniciar su esperada gira de resurrecci\u00f3n que llega 30 a\u00f1os despu\u00e9s de su \u00faltimo concierto juntos, ante m\u00e1s de 18.500 personas.<em><\/em><\/p>\n\n\n\n<p>Hay noches que son \u00fanicas.<\/p>\n\n\n\n<p>Noches que no pertenecen al calendario, sino a la memoria.<\/p>\n\n\n\n<p>Este s\u00e1bado,<strong>&nbsp;Marenostrum Fuengirola<\/strong>&nbsp;ha vivido una de ellas: el reencuentro en los escenarios de&nbsp;<strong><a href=\"https:\/\/masterfm.es\/gira-de-conciertos-de-el-ultimo-de-la-fila-para-2026\/?relatedposts_hit=1&amp;relatedposts_origin=98554&amp;relatedposts_position=0&amp;relatedposts_hit=1&amp;relatedposts_origin=98554&amp;relatedposts_position=0&amp;relatedposts_hit=1&amp;relatedposts_origin=98554&amp;relatedposts_position=0&amp;relatedposts_hit=1&amp;relatedposts_origin=98554&amp;relatedposts_position=0&amp;relatedposts_hit=1&amp;relatedposts_origin=98554&amp;relatedposts_position=0\">El \u00daltimo de la Fila<\/a>,&nbsp;<\/strong>el inicio de una historia que llevaba treinta a\u00f1os esperando volver a escribirse.<\/p>\n\n\n\n<p>Porque ha sido en este enclave \u00fanico a orillas del Mediterr\u00e1neo y bajo la silueta del castillo Sohail, en el escenario Unicaja del recinto, donde&nbsp;<strong>Manolo Garc\u00eda y Quimi<\/strong>&nbsp;Portet han decidido volver a empezar. Marenostrum Fuengirola no es una parada m\u00e1s: ha sido el kil\u00f3metro cero de una gira hist\u00f3rica que devuelve a la vida a una de las bandas m\u00e1s influyentes del pop rock espa\u00f1ol de todos los tiempos.<\/p>\n\n\n\n<h4 class=\"wp-block-heading\">Desde horas antes del concierto, el recinto respiraba algo distinto.<\/h4>\n\n\n\n<p>No era solo expectaci\u00f3n \u2014que la hab\u00eda, y mucha\u2014, era la certeza compartida de estar a punto de asistir a un momento irrepetible. De hecho,&nbsp;<strong>m\u00e1s de 18.500 personas<\/strong>&nbsp;agotaron las entradas en tiempo r\u00e9cord casi hace un a\u00f1o (apenas cuatro horas bastaron para acabar con todas las localidades tras ponerse a la venta), confirmando as\u00ed que el regreso de&nbsp;<strong>El \u00daltimo de la Fila<\/strong>&nbsp;no era solo una noticia: era un acontecimiento generacional que trascend\u00eda el propio \u00e1mbito musical.<\/p>\n\n\n\n<p>El concierto avanz\u00f3 entre momentos de intensidad y pausa, de electricidad y poes\u00eda, fiel al esp\u00edritu de una banda que siempre ha sabido transitar entre lo \u00edntimo y lo universal. La conexi\u00f3n con el p\u00fablico fue inmediata, casi f\u00edsica. No hubo distancia entre escenario y grada: hubo comuni\u00f3n.<\/p>\n\n\n\n<p>Los propios artistas dejaban claro su asombro ante la energ\u00eda recibida sobre las tablas:<strong>&nbsp;<em>\u00ab\u201cEstamos encantados de estar aqu\u00ed, se nota adem\u00e1s vuestra energ\u00eda, muchas gracias. Me encantar\u00eda tener una varita m\u00e1gica y est\u00e1 tocando ah\u00ed abajo con vosotros\u201d.<\/em><\/strong><\/p>\n\n\n\n<p>Y, para terminar,&nbsp;<strong>Insurrecci\u00f3n<\/strong>, que no pod\u00eda faltar en el repertorio, uno de los temas m\u00e1s solicitados a voz en grito por el respetable durante toda la noche. El \u00e9xtasis de interpretar y escuchar un tema m\u00edtico, que llega tras la euforia de un concierto de altura y sin fisuras, el cierre perfecto a una noche que todos los asistentes pudieron grabar en su retina.<\/p>\n\n\n\n<p>Lo vivido este<strong>&nbsp;25 de abril de 2026 no ha sido solo un concierto.<\/strong>&nbsp;Es un comienzo. Un reencuentro. Una declaraci\u00f3n. Y, sobre todo, es y ser\u00e1 historia viva de nuestro pa\u00eds.<\/p>\n\n\n\n<figure class=\"wp-block-image\"><img decoding=\"async\" src=\"https:\/\/ci3.googleusercontent.com\/meips\/ADKq_NYuUZS6fuli3pz-_g3fwKd6oBtfqFRojqf2aBVARHs18_TkOif-0xSaZsiAZNxw8O4iZPKDTOmsW_754GnxpriMmoPHuA-zDQOnU20zdmKTdgfkpLxIXDsjJY3oGpViUgBB7AiJQqVCMRtS8gB7loNKfyZRASXGxcs=s0-d-e1-ft#https:\/\/mcusercontent.com\/8ac9919a52d2436408d7f72c5\/images\/856def22-ead5-35d6-f332-74b386be1ee3.jpg\" alt=\"\"\/><\/figure>\n\n\n\n<p>Fuente: MasterFM &#8211; <a href=\"https:\/\/masterfm.es\/el-ultimo-de-la-fila-vuelve-en-plena-forma-a-los-escenarios\/\">El \u00daltimo de la Fila vuelve en plena forma a los escenarios MASTER FM<\/a><\/p>\n","protected":false},"excerpt":{"rendered":"<p>El ic\u00f3nico d\u00fao eligi\u00f3 este ciclo de conciertos con vistas al mar para iniciar su esperada gira de resurrecci\u00f3n que llega 30 a\u00f1os despu\u00e9s de su \u00faltimo concierto juntos, ante m\u00e1s de 18.500 personas. Hay noches que son \u00fanicas. Noches que no pertenecen al calendario, sino a la memoria. Este s\u00e1bado,&nbsp;Marenostrum Fuengirola&nbsp;ha vivido una de<a class=\"moretag\" href=\"https:\/\/www.manologarciaycia.com\/?p=24802\" title=\"El \u00daltimo de la Fila vuelve en plena forma a los escenarios\" target=\"_self\" rel=\"follow\"> <font face=arial size=2>[Leer m\u00e1s]<\/font> <\/a><\/p>\n","protected":false},"author":2,"featured_media":24803,"comment_status":"closed","ping_status":"closed","sticky":false,"template":"","format":"standard","meta":{"footnotes":""},"categories":[1],"tags":[],"class_list":["post-24802","post","type-post","status-publish","format-standard","has-post-thumbnail","hentry","category-manolo-garcia"],"_links":{"self":[{"href":"https:\/\/www.manologarciaycia.com\/index.php?rest_route=\/wp\/v2\/posts\/24802","targetHints":{"allow":["GET"]}}],"collection":[{"href":"https:\/\/www.manologarciaycia.com\/index.php?rest_route=\/wp\/v2\/posts"}],"about":[{"href":"https:\/\/www.manologarciaycia.com\/index.php?rest_route=\/wp\/v2\/types\/post"}],"author":[{"embeddable":true,"href":"https:\/\/www.manologarciaycia.com\/index.php?rest_route=\/wp\/v2\/users\/2"}],"replies":[{"embeddable":true,"href":"https:\/\/www.manologarciaycia.com\/index.php?rest_route=%2Fwp%2Fv2%2Fcomments&post=24802"}],"version-history":[{"count":1,"href":"https:\/\/www.manologarciaycia.com\/index.php?rest_route=\/wp\/v2\/posts\/24802\/revisions"}],"predecessor-version":[{"id":24804,"href":"https:\/\/www.manologarciaycia.com\/index.php?rest_route=\/wp\/v2\/posts\/24802\/revisions\/24804"}],"wp:featuredmedia":[{"embeddable":true,"href":"https:\/\/www.manologarciaycia.com\/index.php?rest_route=\/wp\/v2\/media\/24803"}],"wp:attachment":[{"href":"https:\/\/www.manologarciaycia.com\/index.php?rest_route=%2Fwp%2Fv2%2Fmedia&parent=24802"}],"wp:term":[{"taxonomy":"category","embeddable":true,"href":"https:\/\/www.manologarciaycia.com\/index.php?rest_route=%2Fwp%2Fv2%2Fcategories&post=24802"},{"taxonomy":"post_tag","embeddable":true,"href":"https:\/\/www.manologarciaycia.com\/index.php?rest_route=%2Fwp%2Fv2%2Ftags&post=24802"}],"curies":[{"name":"wp","href":"https:\/\/api.w.org\/{rel}","templated":true}]}}