{"id":24799,"date":"2026-04-29T14:18:04","date_gmt":"2026-04-29T12:18:04","guid":{"rendered":"https:\/\/www.manologarciaycia.com\/?p=24799"},"modified":"2026-04-29T14:18:07","modified_gmt":"2026-04-29T12:18:07","slug":"el-ultimo-de-la-fila-y-se-multiplicaron","status":"publish","type":"post","link":"https:\/\/www.manologarciaycia.com\/?p=24799","title":{"rendered":"El \u00daltimo de La Fila\u2026 y se multiplicaron"},"content":{"rendered":"\n<p>Comparec\u00eda El \u00daltimo de La Fila en Marenostrum Fuengirola, en su vuelta a los escenarios tras casi treinta a\u00f1os en la apertura de la und\u00e9cima edici\u00f3n del ciclo fuengirole\u00f1o, y se multiplicaron. Como rememor\u00f3 Quimi Portet, a sus conciertos de Los R\u00e1pidos o Los Burros apenas acud\u00edan 50 personas. Y con esperanzado sentido del humor, les dec\u00edan: \u00abId y multiplicaos\u00bb. Y a fe que lo hicieron. 18.500 almas abarrotaron la ladera del castillo Sohail de Fuengirola.<\/p>\n\n\n\n<figure class=\"wp-block-image\"><img decoding=\"async\" src=\"https:\/\/popes80.com\/wp-content\/uploads\/2026\/04\/FB_IMG_1777199844145-1024x683.jpg\" alt=\"\" class=\"wp-image-15468\"\/><figcaption class=\"wp-element-caption\">Ladera del castillo Sohail de Fuengirola abarrotada en el Festival Marenostrum por Roc\u00edo Berrobianco (Marenostrum Fuengirola).<\/figcaption><\/figure>\n\n\n\n<p>Abren el fuego con Huesos, de Los Burros. Apote\u00f3sicos. Los m\u00f3viles de los seguidores echan humo. Prosiguen con otro tema de su grupo primigenio, Conflicto armado (\u00abNo a la guerra, s\u00ed a la paz\u00bb), plenamente vigente.&nbsp;<\/p>\n\n\n\n<p>Seguidamente, presentan uno de sus cl\u00e1sicos: \u00abC\u00f3mo dec\u00eda Fray Luis de Le\u00f3n y Unamuno: Como dec\u00edamos ayer, Querida Milagros\u00bb, que precede a Mi patria en mis zapatos.<\/p>\n\n\n\n<p>Quimi Portet explica los motivos que les han impulsado a volver: \u00abEscapar de nuestra f\u00e9rrea disciplina familiar, nuestros familiares se deshacen de nosotros, compartir con nuestros compa\u00f1eros y sobre todo ustedes. Con Los R\u00e1pidos y Los Burros, apenas ven\u00edan a vernos unas cincuenta personas. Y les dec\u00edamos: \u00abId y multiplicaos\u00bb\u00bb.<\/p>\n\n\n\n<figure class=\"wp-block-image\"><img decoding=\"async\" src=\"https:\/\/popes80.com\/wp-content\/uploads\/2026\/04\/FB_IMG_1777199854844-683x1024.jpg\" alt=\"\" class=\"wp-image-15470\"\/><figcaption class=\"wp-element-caption\">Quimi Portet en su gran actuaci\u00f3n en el Marenostrum de Fuengirola por Roc\u00edo Berrobianco (Marenostrum Fuengirola).<\/figcaption><\/figure>\n\n\n\n<p>Sin llaves antecede a uno de sus cl\u00e1sicos, Aviones plateados \u2014con protagonismo de la guitarra espa\u00f1ola, uno de sus signos de identidad\u2014 en el que Manolo Garc\u00eda baja a la pista y comparte su emoci\u00f3n con el respetable.<\/p>\n\n\n\n<figure class=\"wp-block-image\"><img decoding=\"async\" src=\"https:\/\/popes80.com\/wp-content\/uploads\/2026\/04\/FB_IMG_1777199939868-1024x683.jpg\" alt=\"\" class=\"wp-image-15471\"\/><figcaption class=\"wp-element-caption\">El cantante Manolo Garc\u00eda interpretando en el escenario por Roc\u00edo Berrobianco (Marenostrum Fuengirola).<\/figcaption><\/figure>\n\n\n\n<p>El loco de la calle, de su disco \u2018Cuando la pobreza entra por la puerta, el amor salta por la ventana\u2019 da paso a No me acostumbro y a Dios de la lluvia, que logra la respuesta deseada entre un p\u00fablico enfervorecido.<\/p>\n\n\n\n<p>Alternan temas menos conocidos, como Soy un accidente y La piedra redonda, con otros como Mar antiguo, una delicia.<\/p>\n\n\n\n<p>Abordan otra canci\u00f3n de Los Burros, Disneylandia, y Cuando el mar te tenga (\u00abSi lo que vas a decir no es m\u00e1s bello que el silencio\u2026\u00bb). \u00abMola much\u00edsimo que cant\u00e9is, adem\u00e1s es sanador. \u00bfNo cant\u00e1is en la ducha?\u00bb, espeta Manolo Garc\u00eda antes de presentar El que canta su mal espanta, en el que Quimi Portet desenfunda la arm\u00f3nica.<\/p>\n\n\n\n<p>\u00ab\u00bfVolver a tener 25 a\u00f1os? Tampoco importa tanto. Pero estamos m\u00e1s contentos que unas casta\u00f1uelas. Estamos encantados. Est\u00e1is con muchas ganas y eso es muy de agradecer\u00bb, agrega.<\/p>\n\n\n\n<p>Manolo Garc\u00eda blande un bast\u00f3n en Canta por m\u00ed (\u00abCuando todos seamos libres\u2026\u00bb), gema que engarzan con Llanto de pasi\u00f3n y L\u00e1piz y tinta (\u00abPorque los d\u00edas se van\u2026\u00bb).<\/p>\n\n\n\n<p>Precisamente en este tema se incorpora Sara Garc\u00eda, hija de Manolo Garc\u00eda, que toca la intro al teclado. Momento \u00e1lgido. Y a continuaci\u00f3n toca la guitarra el\u00e9ctrica en Sara, uno de sus temas bandera. Dicen adi\u00f3s con Lejos de las leyes de los hombres, y sus arabescos caracter\u00edsticos en el teclado, y Dulces sue\u00f1os.<\/p>\n\n\n\n<p>Ya en los bises, suenan Ya no danzo al son de los tambores,&nbsp; Los \u00e1ngeles no tienen h\u00e9lices (en la que Garc\u00eda se sienta en un sill\u00f3n) y los hits C\u00f3mo un burro amarrado a la puerta del baile e Insurrecci\u00f3n. Y tras dejar el list\u00f3n a un nivel insuperable, presenta a la banda, que les acompa\u00f1aba en su d\u00eda, y se despiden como anta\u00f1o con la ranchera El rey de Jos\u00e9 Alfredo Jim\u00e9nez, la guinda a una noche memorable.<\/p>\n\n\n\n<figure class=\"wp-block-image\"><img decoding=\"async\" src=\"https:\/\/popes80.com\/wp-content\/uploads\/2026\/04\/FB_IMG_1777199902679-683x1024.jpg\" alt=\"\" class=\"wp-image-15472\"\/><\/figure>\n\n\n\n<p>Fuente: PopEs80 &#8211; <a href=\"https:\/\/popes80.com\/actualidad\/el-ultimo-de-la-fila-y-se-multiplicaron\/\">El \u00daltimo de La Fila\u2026 y se multiplicaron &#8211; Popes80<\/a><a href=\"https:\/\/popes80.com\/author\/francisco-reina\/\"><\/a><\/p>\n","protected":false},"excerpt":{"rendered":"<p>Comparec\u00eda El \u00daltimo de La Fila en Marenostrum Fuengirola, en su vuelta a los escenarios tras casi treinta a\u00f1os en la apertura de la und\u00e9cima edici\u00f3n del ciclo fuengirole\u00f1o, y se multiplicaron. Como rememor\u00f3 Quimi Portet, a sus conciertos de Los R\u00e1pidos o Los Burros apenas acud\u00edan 50 personas. Y con esperanzado sentido del humor,<a class=\"moretag\" href=\"https:\/\/www.manologarciaycia.com\/?p=24799\" title=\"El \u00daltimo de La Fila\u2026 y se multiplicaron\" target=\"_self\" rel=\"follow\"> <font face=arial size=2>[Leer m\u00e1s]<\/font> <\/a><\/p>\n","protected":false},"author":2,"featured_media":24800,"comment_status":"closed","ping_status":"closed","sticky":false,"template":"","format":"standard","meta":{"footnotes":""},"categories":[1],"tags":[],"class_list":["post-24799","post","type-post","status-publish","format-standard","has-post-thumbnail","hentry","category-manolo-garcia"],"_links":{"self":[{"href":"https:\/\/www.manologarciaycia.com\/index.php?rest_route=\/wp\/v2\/posts\/24799","targetHints":{"allow":["GET"]}}],"collection":[{"href":"https:\/\/www.manologarciaycia.com\/index.php?rest_route=\/wp\/v2\/posts"}],"about":[{"href":"https:\/\/www.manologarciaycia.com\/index.php?rest_route=\/wp\/v2\/types\/post"}],"author":[{"embeddable":true,"href":"https:\/\/www.manologarciaycia.com\/index.php?rest_route=\/wp\/v2\/users\/2"}],"replies":[{"embeddable":true,"href":"https:\/\/www.manologarciaycia.com\/index.php?rest_route=%2Fwp%2Fv2%2Fcomments&post=24799"}],"version-history":[{"count":1,"href":"https:\/\/www.manologarciaycia.com\/index.php?rest_route=\/wp\/v2\/posts\/24799\/revisions"}],"predecessor-version":[{"id":24801,"href":"https:\/\/www.manologarciaycia.com\/index.php?rest_route=\/wp\/v2\/posts\/24799\/revisions\/24801"}],"wp:featuredmedia":[{"embeddable":true,"href":"https:\/\/www.manologarciaycia.com\/index.php?rest_route=\/wp\/v2\/media\/24800"}],"wp:attachment":[{"href":"https:\/\/www.manologarciaycia.com\/index.php?rest_route=%2Fwp%2Fv2%2Fmedia&parent=24799"}],"wp:term":[{"taxonomy":"category","embeddable":true,"href":"https:\/\/www.manologarciaycia.com\/index.php?rest_route=%2Fwp%2Fv2%2Fcategories&post=24799"},{"taxonomy":"post_tag","embeddable":true,"href":"https:\/\/www.manologarciaycia.com\/index.php?rest_route=%2Fwp%2Fv2%2Ftags&post=24799"}],"curies":[{"name":"wp","href":"https:\/\/api.w.org\/{rel}","templated":true}]}}